{"id":43966,"date":"2025-01-30T17:03:52","date_gmt":"2025-01-30T21:03:52","guid":{"rendered":"https:\/\/influencias.do\/?p=43966"},"modified":"2025-01-30T17:03:52","modified_gmt":"2025-01-30T21:03:52","slug":"a-partir-de-este-viernes-intrant-y-adn-prohiben-circulacion-de-vehiculos-pesados-en-el-malecon","status":"publish","type":"post","link":"https:\/\/influencias.do\/index.php\/2025\/01\/30\/a-partir-de-este-viernes-intrant-y-adn-prohiben-circulacion-de-vehiculos-pesados-en-el-malecon\/","title":{"rendered":"A partir de este viernes INTRANT y ADN proh\u00edben circulaci\u00f3n de veh\u00edculos pesados en el Malec\u00f3n"},"content":{"rendered":"<p style=\"font-weight: 400;\">\n<p style=\"font-weight: 400;\"><strong>Santo Domingo<\/strong>. -El Instituto Nacional de Tr\u00e1nsito y Transporte Terrestre (Intrant) y la Alcald\u00eda del Distrito Nacional (ADN), proh\u00edben a partir de este viernes 31 de enero, la circulaci\u00f3n de veh\u00edculos de carga de dos ejes o m\u00e1s en el Malec\u00f3n de Santo Domingo, en el tramo comprendido desde el Puerto de Santo Domingo hasta el distribuidor de la Avenida Luper\u00f3n.<\/p>\n<p style=\"font-weight: 400;\">Con esta medida, que ser\u00e1 fiscalizada por la Direcci\u00f3n General de Tr\u00e1nsito y Transporte Terrestre (Digesett), se busca evitar accidentes de tr\u00e1nsito, controlando la circulaci\u00f3n de veh\u00edculos pesados en zonas urbanas, debido a los \u00faltimos acontecimientos registrados por imprudencia de conductores.<\/p>\n<p style=\"font-weight: 400;\">Para los camiones que se dirijan al Puerto de Santo Domingo, se ha establecido como ruta obligatoria la avenida John F. Kennedy \u2013 avenida Francisco del Rosario S\u00e1nchez, conforme a las disposiciones de la Zona de Acceso Restringido (ZAR) del Distrito Nacional.<\/p>\n<p style=\"font-weight: 400;\">Los permisos de circulaci\u00f3n en el \u00e1rea restringida solo se otorgar\u00e1n en un horario de 9:00 de la ma\u00f1ana hasta las 4:00 de la tarde de manera presencial en la Alcald\u00eda del Distrito Nacional, a trav\u00e9s de la Direcci\u00f3n de Tr\u00e1nsito y Movilidad Urbana, en coordinaci\u00f3n con la Direcci\u00f3n de Carga del Intrant.<\/p>\n<p><img loading=\"lazy\" loading=\"lazy\" decoding=\"async\" class=\"wp-image-43969  aligncenter\" src=\"https:\/\/influencias.do\/wp-content\/uploads\/2025\/01\/AC1.jpg\" alt=\"\" width=\"668\" height=\"445\" \/><\/p>\n<p style=\"font-weight: 400;\">Quedan exceptuados de esta restricci\u00f3n los veh\u00edculos de emergencia, servicios p\u00fablicos y telefon\u00eda. Esta medida busca mejorar la seguridad y fluidez del tr\u00e1nsito en estas zonas clave de la capital.<\/p>\n<p style=\"font-weight: 400;\">La restricci\u00f3n abarca toda la avenida George Washington (Malec\u00f3n de Santo Domingo) y la Autopista 30 de Mayo (Paseo Mar\u00edtimo), en el tramo comprendido desde el Puerto de Santo Domingo hasta el distribuidor de la Avenida Luper\u00f3n.<\/p>\n<p style=\"font-weight: 400;\">Las autoridades exhortan a los transportistas a respetar las rutas establecidas y acatar los procedimientos de la ZAR del Distrito Nacional para evitar sanciones.<\/p>\n","protected":false},"excerpt":{"rendered":"<p>Santo Domingo. -El Instituto Nacional de Tr\u00e1nsito y Transporte Terrestre (Intrant) y la Alcald\u00eda del Distrito Nacional (ADN), proh\u00edben a partir de este viernes 31 de enero, la circulaci\u00f3n de veh\u00edculos de carga de dos ejes o m\u00e1s en el Malec\u00f3n de Santo Domingo, en el tramo comprendido desde el Puerto de Santo Domingo hasta [&hellip;]<\/p>\n","protected":false},"author":4,"featured_media":43968,"comment_status":"open","ping_status":"open","sticky":false,"template":"","format":"standard","meta":{"_bbp_topic_count":0,"_bbp_reply_count":0,"_bbp_total_topic_count":0,"_bbp_total_reply_count":0,"_bbp_voice_count":0,"_bbp_anonymous_reply_count":0,"_bbp_topic_count_hidden":0,"_bbp_reply_count_hidden":0,"_bbp_forum_subforum_count":0,"content-type":"","iawp_total_views":0,"footnotes":""},"categories":[105],"tags":[154,1712],"class_list":{"0":"post-43966","1":"post","2":"type-post","3":"status-publish","4":"format-standard","5":"has-post-thumbnail","7":"category-nacionales","8":"tag-adn","9":"tag-intrant"},"_links":{"self":[{"href":"https:\/\/influencias.do\/index.php\/wp-json\/wp\/v2\/posts\/43966","targetHints":{"allow":["GET"]}}],"collection":[{"href":"https:\/\/influencias.do\/index.php\/wp-json\/wp\/v2\/posts"}],"about":[{"href":"https:\/\/influencias.do\/index.php\/wp-json\/wp\/v2\/types\/post"}],"author":[{"embeddable":true,"href":"https:\/\/influencias.do\/index.php\/wp-json\/wp\/v2\/users\/4"}],"replies":[{"embeddable":true,"href":"https:\/\/influencias.do\/index.php\/wp-json\/wp\/v2\/comments?post=43966"}],"version-history":[{"count":0,"href":"https:\/\/influencias.do\/index.php\/wp-json\/wp\/v2\/posts\/43966\/revisions"}],"wp:featuredmedia":[{"embeddable":true,"href":"https:\/\/influencias.do\/index.php\/wp-json\/"}],"wp:attachment":[{"href":"https:\/\/influencias.do\/index.php\/wp-json\/wp\/v2\/media?parent=43966"}],"wp:term":[{"taxonomy":"category","embeddable":true,"href":"https:\/\/influencias.do\/index.php\/wp-json\/wp\/v2\/categories?post=43966"},{"taxonomy":"post_tag","embeddable":true,"href":"https:\/\/influencias.do\/index.php\/wp-json\/wp\/v2\/tags?post=43966"}],"curies":[{"name":"wp","href":"https:\/\/api.w.org\/{rel}","templated":true}]}}