{"id":43602,"date":"2025-01-25T21:33:21","date_gmt":"2025-01-26T01:33:21","guid":{"rendered":"https:\/\/influencias.do\/?p=43602"},"modified":"2025-02-25T19:56:37","modified_gmt":"2025-02-25T19:56:37","slug":"dan-primer-picazo-para-solucion-definitiva-de-charco-en-charles-de-gaulle","status":"publish","type":"post","link":"https:\/\/influencias.do\/index.php\/2025\/01\/25\/dan-primer-picazo-para-solucion-definitiva-de-charco-en-charles-de-gaulle\/","title":{"rendered":"Dan primer picazo para soluci\u00f3n definitiva de charco en Charles de Gaulle"},"content":{"rendered":"\r\n<p><strong>Santo Domingo Este .- <\/strong>En una alianza p\u00fablico privada entre el Ayuntamiento de Santo Domingo Este (ASDE) y el Grupo Ramos, se llev\u00f3 a cabo el primer picazo para dar inicio a la obra que resolver\u00e1, de manera definitiva, el problema de acumulaci\u00f3n de aguas en un tramo cr\u00edtico de la avenida Charles de Gaulle, frente a la Sirena.<\/p>\r\n\r\n\r\n\r\n<p>Este problema, que afecta a la comunidad desde hace m\u00e1s de 20 a\u00f1os, ha generado constantes inundaciones, interrumpiendo el tr\u00e1nsito vehicular, as\u00ed como la calidad de vida de los ciudadanos, debido a la constante acumulaci\u00f3n de aguas que all\u00ed se presenta, especialmente en la temporada cicl\u00f3nica.<\/p>\r\n\r\n\r\n\r\n<p>Durante el acto, el alcalde de Santo Domingo Este, D\u00edo Astacio, destac\u00f3 la importancia de esta intervenci\u00f3n, se\u00f1alando que esta \u00e1rea se ha convertido en un punto muerto debido al c\u00famulo de aguas que permanecen estancadas por horas.<\/p>\r\n\r\n\r\n\r\n<p>\u201cGracias a esta alianza estrat\u00e9gica con el Grupo Ramos, hemos decidido intervenir este punto cr\u00edtico para ofrecer una soluci\u00f3n definitiva. Estamos m\u00e1s que agradecidos del respaldo financiero de este prestigioso grupo y del esfuerzo de nuestros equipos municipales que intervienen en esta construcci\u00f3n como son las direcciones de medio ambiente, ingenier\u00eda, planeamiento urbano, seguridad, entre otras\u201d expres\u00f3 el alcalde.<\/p>\r\n\r\n\r\n\r\n<p>La Sra. Flora Carri\u00f3n, gerente de responsabilidad social del Grupo Ramos, explic\u00f3 que \u201chemos preparado un equipo que trabajar\u00e1 las 24 horas para garantizar que esta soluci\u00f3n sea completada en el menor tiempo posible, con un estimado de 4 a 6 meses de ejecuci\u00f3n,\u201d agreg\u00f3 Carri\u00f3n.<\/p>\r\n\r\n\r\n\r\n<p>La obra contempla la intervenci\u00f3n de 16 imbornales y la colocaci\u00f3n de las tuber\u00edas de drenaje pluvial de 48 pulgadas de di\u00e1metro, con una extensi\u00f3n de 370 metros lineales, para desviar las aguas hacia el R\u00edo Ozama, d\u00e1ndole una soluci\u00f3n definitiva al caudal de agua que se produce por el poco drenaje que existe en la zona, provocando un estrangulamiento de las aguas.<\/p>\r\n\r\n\r\n\r\n<p>El alcalde D\u00edo Astacio resalt\u00f3 que esta intervenci\u00f3n no solo busca mejorar las condiciones del tr\u00e1nsito en la avenida, sino tambi\u00e9n impactar positivamente la vida de los residentes de Santo Domingo Este.<\/p>\r\n\r\n\r\n<div class=\"wp-block-image\">\r\n<figure class=\"aligncenter size-large is-resized\"><img decoding=\"async\" class=\"wp-image-101516\" src=\"https:\/\/actualidadinformativa.com.do\/wp-content\/uploads\/2025\/01\/WhatsApp-Image-2025-01-25-at-6.54.01-PM-2-1024x682.jpeg\" alt=\"\" \/><\/figure>\r\n<\/div>\r\n\r\n\r\n<p>\u201cEsta obra marcar\u00e1 un antes y un despu\u00e9s para esta zona, asegurando que no se repitan los problemas que han afectado a tantos ciudadanos durante d\u00e9cadas, por lo que pedimos la comprensi\u00f3n de los mun\u00edcipes durante el tiempo que se ejecute la obra\u201d puntualiz\u00f3 Astacio.<\/p>\r\n\r\n\r\n\r\n<p>En esta actividad estuvieron presentes la Vicealcaldesa, \u00c1ngela Henr\u00edquez, el presidente del concejo se regidores, Miguel Fortuna, la Sra. Flora Carri\u00f3n, gerente de responsabilidad social de Grupo Ramos, \u00c1ngel Rossi, l\u00edder administrativo del Centro Comercial Multiplaza Charles de Gaulle, as\u00ed como Freddy N\u00fa\u00f1ez, director de enlace empresarial del ASDE, el Ing. Ezequiel Peguero, el director de supervisi\u00f3n y fiscalizaci\u00f3n de obras, el Ing. Luis Alberto Ger\u00f3nimo, director de ingenier\u00eda y obras, el Lic. Juan Jos\u00e9 Javier, director de gesti\u00f3n ambiental y riesgos. Adem\u00e1s, el Arq. Manuel \u00c1lvarez de planeamiento urbano, el Coronel Juan Ram\u00f3n Aquino, director de seguridad de la Alcald\u00eda y otros funcionarios del ayuntamiento.<\/p>\r\n\r\n\r\n\r\n<p>Con este primer picazo, el Ayuntamiento de Santo Domingo Este contin\u00faa con su compromiso de trabajar en soluciones sostenibles para mejorar las infraestructuras del municipio, de la mano de Grupo Ramos como aliados estrat\u00e9gicos.<\/p>\r\n","protected":false},"excerpt":{"rendered":"<p>Santo Domingo Este .- En una alianza p\u00fablico privada entre el Ayuntamiento de Santo Domingo Este (ASDE) y el Grupo Ramos, se llev\u00f3 a cabo el primer picazo para dar inicio a la obra que resolver\u00e1, de manera definitiva, el problema de acumulaci\u00f3n de aguas en un tramo cr\u00edtico de la avenida Charles de Gaulle, [&hellip;]<\/p>\n","protected":false},"author":1,"featured_media":45647,"comment_status":"open","ping_status":"open","sticky":false,"template":"","format":"standard","meta":{"_bbp_topic_count":0,"_bbp_reply_count":0,"_bbp_total_topic_count":0,"_bbp_total_reply_count":0,"_bbp_voice_count":0,"_bbp_anonymous_reply_count":0,"_bbp_topic_count_hidden":0,"_bbp_reply_count_hidden":0,"_bbp_forum_subforum_count":0,"content-type":"","iawp_total_views":0,"footnotes":""},"categories":[112],"tags":[],"class_list":{"0":"post-43602","1":"post","2":"type-post","3":"status-publish","4":"format-standard","5":"has-post-thumbnail","7":"category-municipalidad"},"_links":{"self":[{"href":"https:\/\/influencias.do\/index.php\/wp-json\/wp\/v2\/posts\/43602","targetHints":{"allow":["GET"]}}],"collection":[{"href":"https:\/\/influencias.do\/index.php\/wp-json\/wp\/v2\/posts"}],"about":[{"href":"https:\/\/influencias.do\/index.php\/wp-json\/wp\/v2\/types\/post"}],"author":[{"embeddable":true,"href":"https:\/\/influencias.do\/index.php\/wp-json\/wp\/v2\/users\/1"}],"replies":[{"embeddable":true,"href":"https:\/\/influencias.do\/index.php\/wp-json\/wp\/v2\/comments?post=43602"}],"version-history":[{"count":1,"href":"https:\/\/influencias.do\/index.php\/wp-json\/wp\/v2\/posts\/43602\/revisions"}],"predecessor-version":[{"id":45648,"href":"https:\/\/influencias.do\/index.php\/wp-json\/wp\/v2\/posts\/43602\/revisions\/45648"}],"wp:featuredmedia":[{"embeddable":true,"href":"https:\/\/influencias.do\/index.php\/wp-json\/wp\/v2\/media\/45647"}],"wp:attachment":[{"href":"https:\/\/influencias.do\/index.php\/wp-json\/wp\/v2\/media?parent=43602"}],"wp:term":[{"taxonomy":"category","embeddable":true,"href":"https:\/\/influencias.do\/index.php\/wp-json\/wp\/v2\/categories?post=43602"},{"taxonomy":"post_tag","embeddable":true,"href":"https:\/\/influencias.do\/index.php\/wp-json\/wp\/v2\/tags?post=43602"}],"curies":[{"name":"wp","href":"https:\/\/api.w.org\/{rel}","templated":true}]}}