{"id":43451,"date":"2025-01-23T14:57:56","date_gmt":"2025-01-23T18:57:56","guid":{"rendered":"https:\/\/influencias.do\/?p=43451"},"modified":"2025-02-25T19:57:43","modified_gmt":"2025-02-25T19:57:43","slug":"embajada-de-alemania-y-alcaldia-del-dn-instalan-un-buddy-bear-para-celebrar-amistad-dominico-alemana","status":"publish","type":"post","link":"https:\/\/influencias.do\/index.php\/2025\/01\/23\/embajada-de-alemania-y-alcaldia-del-dn-instalan-un-buddy-bear-para-celebrar-amistad-dominico-alemana\/","title":{"rendered":"Embajada de Alemania y Alcald\u00eda del DN instalan un Buddy Bear para celebrar amistad dom\u00ednico-alemana"},"content":{"rendered":"<p>La Alcald\u00eda del Distrito Nacional y la Embajada de la Rep\u00fablica Federal de Alemania instalaron en el Malec\u00f3n un Buddy Bear, una colorida escultura de oso tama\u00f1o real para celebrar la amistad que une a ambas naciones.<\/p>\n<p>La colocaci\u00f3n del oso amistoso fue encabezada por la alcaldesa del Distrito Nacional, Carolina Mej\u00eda, y la embajadora alemana en Rep\u00fablica Dominicana, Maike Friedrichsen.<\/p>\n<p>El Buddy Bear fue instalado en la intersecci\u00f3n de las avenidas Abraham Lincoln y George Washington, gracias al apoyo de la empresa servicios log\u00edsticos integrados Mar\u00edtima Dominicana (Mardom).<\/p>\n<p>Mej\u00eda consider\u00f3 que la colocaci\u00f3n de la escultura tiene un significado muy especial, por lo que agradeci\u00f3 el apoyo de la embajadora Maike Friedrichsen, y dese\u00f3 que los v\u00ednculos entre ambas naciones sean cada vez m\u00e1s fuertes.<\/p>\n<p>\u201cEste aqu\u00ed ser\u00e1 un punto de encuentro, es un punto para que vengamos a tomarnos fotograf\u00edas y que aplaudamos la linda relaci\u00f3n que tenemos con nuestros hermanos de Alemania. Es bell\u00edsima, es una iniciativa que nosotros queremos agradecer enormemente a la se\u00f1ora embajadora que yo s\u00e9 que con tanto amor ha gestionado que este proyecto sea una realidad\u201d, indic\u00f3 la alcaldesa.<\/p>\n<p>La embajadora de Alemania en Rep\u00fablica Dominicana se declar\u00f3 feliz por ver concretizada la entrega de la escultura, ya que tiene un significado muy especial.<\/p>\n<p>\u201cMi estimada Carolina, me emociona mucho poder entregarle en representaci\u00f3n de todos los ciudadanos de esta maravillosa ciudad, Distrito Nacional, Santo Domingo, este Buddy Bear a usted. Hoy \u00e9l se convierte en un puente m\u00e1s entre dos naciones que han mantenido relaciones de amistad y cooperaci\u00f3n durante d\u00e9cadas\u201d, dijo Maike Friedrichsen.<\/p>\n<p>La Embajada de la Rep\u00fablica Federal de Alemania realiz\u00f3 un concurso para elegir al artista que dar\u00eda vida con colores al oso, del cual result\u00f3 ganador el joven Francisco Mart\u00ednez \u201cPache\u201d.<\/p>\n<p>Pache agradeci\u00f3 la confianza para poder llevar un mensaje de hermandad, respeto, cari\u00f1o y celebraci\u00f3n, convirtiendo su arte en veh\u00edculo para esa finalidad. El talentoso artista dominicano plasm\u00f3 en la escultura del oso la m\u00fasica, monumentos, ropa, deportes y gastronom\u00eda que identifican a los dos pa\u00edses.<\/p>\n<p>La tradici\u00f3n de los Buddy Bears se populariz\u00f3 en la ciudad alemana Berl\u00edn, promoviendo la tolerancia y la paz entre personas de distintas nacionalidades. Adem\u00e1s, fomentan acciones sostenibles para la preservaci\u00f3n del planeta.<\/p>\n<p>Entre las personalidades presentes en la actividad se encontraban: Juan Garrig\u00f3, Javier Mar\u00edn, Elizabeth Mateo, Katja Afheldt, mayor general Carlos Ram\u00f3n Frebillet, Yolanda de la Rosa, Francisco Caraballo, Yovany Moya, general Jos\u00e9 Luis Fr\u00f3meta Herasme y V\u00edctor Gonz\u00e1lez, entre otros.<\/p>\n","protected":false},"excerpt":{"rendered":"<p>La Alcald\u00eda del Distrito Nacional y la Embajada de la Rep\u00fablica Federal de Alemania instalaron en el Malec\u00f3n un Buddy Bear, una colorida escultura de oso tama\u00f1o real para celebrar la amistad que une a ambas naciones. La colocaci\u00f3n del oso amistoso fue encabezada por la alcaldesa del Distrito Nacional, Carolina Mej\u00eda, y la embajadora [&hellip;]<\/p>\n","protected":false},"author":2,"featured_media":45649,"comment_status":"open","ping_status":"open","sticky":false,"template":"","format":"standard","meta":{"_bbp_topic_count":0,"_bbp_reply_count":0,"_bbp_total_topic_count":0,"_bbp_total_reply_count":0,"_bbp_voice_count":0,"_bbp_anonymous_reply_count":0,"_bbp_topic_count_hidden":0,"_bbp_reply_count_hidden":0,"_bbp_forum_subforum_count":0,"content-type":"","iawp_total_views":0,"footnotes":""},"categories":[112],"tags":[4188],"class_list":{"0":"post-43451","1":"post","2":"type-post","3":"status-publish","4":"format-standard","5":"has-post-thumbnail","7":"category-municipalidad","8":"tag-buddy-bear"},"_links":{"self":[{"href":"https:\/\/influencias.do\/index.php\/wp-json\/wp\/v2\/posts\/43451","targetHints":{"allow":["GET"]}}],"collection":[{"href":"https:\/\/influencias.do\/index.php\/wp-json\/wp\/v2\/posts"}],"about":[{"href":"https:\/\/influencias.do\/index.php\/wp-json\/wp\/v2\/types\/post"}],"author":[{"embeddable":true,"href":"https:\/\/influencias.do\/index.php\/wp-json\/wp\/v2\/users\/2"}],"replies":[{"embeddable":true,"href":"https:\/\/influencias.do\/index.php\/wp-json\/wp\/v2\/comments?post=43451"}],"version-history":[{"count":1,"href":"https:\/\/influencias.do\/index.php\/wp-json\/wp\/v2\/posts\/43451\/revisions"}],"predecessor-version":[{"id":45650,"href":"https:\/\/influencias.do\/index.php\/wp-json\/wp\/v2\/posts\/43451\/revisions\/45650"}],"wp:featuredmedia":[{"embeddable":true,"href":"https:\/\/influencias.do\/index.php\/wp-json\/wp\/v2\/media\/45649"}],"wp:attachment":[{"href":"https:\/\/influencias.do\/index.php\/wp-json\/wp\/v2\/media?parent=43451"}],"wp:term":[{"taxonomy":"category","embeddable":true,"href":"https:\/\/influencias.do\/index.php\/wp-json\/wp\/v2\/categories?post=43451"},{"taxonomy":"post_tag","embeddable":true,"href":"https:\/\/influencias.do\/index.php\/wp-json\/wp\/v2\/tags?post=43451"}],"curies":[{"name":"wp","href":"https:\/\/api.w.org\/{rel}","templated":true}]}}