{"id":41668,"date":"2024-12-23T15:08:31","date_gmt":"2024-12-23T19:08:31","guid":{"rendered":"https:\/\/influencias.do\/?p=41668"},"modified":"2024-12-23T15:08:31","modified_gmt":"2024-12-23T19:08:31","slug":"pn-despliega-1380-agentes-como-parte-del-operativo-preventivo-navidad-con-garantia-de-paz-2024","status":"publish","type":"post","link":"https:\/\/influencias.do\/index.php\/2024\/12\/23\/pn-despliega-1380-agentes-como-parte-del-operativo-preventivo-navidad-con-garantia-de-paz-2024\/","title":{"rendered":"PN despliega 1,380 agentes como parte del Operativo Preventivo \u201cNavidad con Garant\u00eda de Paz 2024\u201d"},"content":{"rendered":"<p>La Polic\u00eda Nacional reforz\u00f3 este lunes el Operativo Preventivo \u201cNavidad con Garant\u00eda de Paz 2024\u201d con el despliegue de 1,380 agentes adicionales durante un acto realizado en el Centro Ol\u00edmpico Juan Pablo Duarte. Esta iniciativa tiene como objetivo principal Proteger y Servir a la ciudadan\u00eda durante las festividades navide\u00f1as.<\/p>\n<p>Los agentes estar\u00e1n ubicados en puntos estrat\u00e9gicos del territorio nacional, incluyendo centros comerciales, barrios y residenciales calles y avenidas y centros de expendio de bebidas alcoh\u00f3licas.<\/p>\n<p>El despliegue ser\u00e1 supervisado por oficiales superiores, quienes garantizar\u00e1n que el patrullaje y las labores preventivas se realicen de manera eficiente y en cumplimiento con los protocolos de seguridad.<\/p>\n<p>Los coroneles Julio P\u00e9rez Espinal, subdirector de Recursos Humanos, y Pedro Marte B\u00e1ez, subdirector de Prevenci\u00f3n, informaron que la estrategia contempla la redistribuci\u00f3n del personal administrativo hacia labores operativas, lo que permitir\u00e1 incrementar la presencia policial en las calles.<\/p>\n<p>Este operativo responde a los lineamientos del director general de la Polic\u00eda Nacional, mayor general Ram\u00f3n Antonio Guzm\u00e1n Peralta, con el prop\u00f3sito de fortalecer la respuesta ante cualquier eventualidad y garantizar un ambiente de paz y seguridad durante las celebraciones navide\u00f1as.<\/p>\n","protected":false},"excerpt":{"rendered":"<p>La Polic\u00eda Nacional reforz\u00f3 este lunes el Operativo Preventivo \u201cNavidad con Garant\u00eda de Paz 2024\u201d con el despliegue de 1,380 agentes adicionales durante un acto realizado en el Centro Ol\u00edmpico Juan Pablo Duarte. Esta iniciativa tiene como objetivo principal Proteger y Servir a la ciudadan\u00eda durante las festividades navide\u00f1as. Los agentes estar\u00e1n ubicados en puntos [&hellip;]<\/p>\n","protected":false},"author":2,"featured_media":41670,"comment_status":"open","ping_status":"open","sticky":false,"template":"","format":"standard","meta":{"_bbp_topic_count":0,"_bbp_reply_count":0,"_bbp_total_topic_count":0,"_bbp_total_reply_count":0,"_bbp_voice_count":0,"_bbp_anonymous_reply_count":0,"_bbp_topic_count_hidden":0,"_bbp_reply_count_hidden":0,"_bbp_forum_subforum_count":0,"content-type":"","iawp_total_views":0,"footnotes":""},"categories":[105],"tags":[],"class_list":{"0":"post-41668","1":"post","2":"type-post","3":"status-publish","4":"format-standard","5":"has-post-thumbnail","7":"category-nacionales"},"_links":{"self":[{"href":"https:\/\/influencias.do\/index.php\/wp-json\/wp\/v2\/posts\/41668","targetHints":{"allow":["GET"]}}],"collection":[{"href":"https:\/\/influencias.do\/index.php\/wp-json\/wp\/v2\/posts"}],"about":[{"href":"https:\/\/influencias.do\/index.php\/wp-json\/wp\/v2\/types\/post"}],"author":[{"embeddable":true,"href":"https:\/\/influencias.do\/index.php\/wp-json\/wp\/v2\/users\/2"}],"replies":[{"embeddable":true,"href":"https:\/\/influencias.do\/index.php\/wp-json\/wp\/v2\/comments?post=41668"}],"version-history":[{"count":0,"href":"https:\/\/influencias.do\/index.php\/wp-json\/wp\/v2\/posts\/41668\/revisions"}],"wp:featuredmedia":[{"embeddable":true,"href":"https:\/\/influencias.do\/index.php\/wp-json\/"}],"wp:attachment":[{"href":"https:\/\/influencias.do\/index.php\/wp-json\/wp\/v2\/media?parent=41668"}],"wp:term":[{"taxonomy":"category","embeddable":true,"href":"https:\/\/influencias.do\/index.php\/wp-json\/wp\/v2\/categories?post=41668"},{"taxonomy":"post_tag","embeddable":true,"href":"https:\/\/influencias.do\/index.php\/wp-json\/wp\/v2\/tags?post=41668"}],"curies":[{"name":"wp","href":"https:\/\/api.w.org\/{rel}","templated":true}]}}