{"id":41661,"date":"2024-12-23T14:11:36","date_gmt":"2024-12-23T18:11:36","guid":{"rendered":"https:\/\/influencias.do\/?p=41661"},"modified":"2024-12-23T14:11:36","modified_gmt":"2024-12-23T18:11:36","slug":"opret-anuncia-horario-de-servicio-metro-teleferico-durante-festividades-navidenas","status":"publish","type":"post","link":"https:\/\/influencias.do\/index.php\/2024\/12\/23\/opret-anuncia-horario-de-servicio-metro-teleferico-durante-festividades-navidenas\/","title":{"rendered":"Opret anuncia horario de servicio Metro-Telef\u00e9rico durante festividades navide\u00f1as"},"content":{"rendered":"<p><strong>SANTO DOMINGO.<\/strong> &#8211; La Oficina para el Reordenamiento del Transporte (OPRET) anunci\u00f3 hoy el horario especial en el que estar\u00e1n disponibles el \u00a0Metro y Telef\u00e9rico de Santo Domingo durante las festividades navide\u00f1as para garantizar la movilidad de los usuarios de este Sistema Integrado de Transporte.<\/p>\n<p>En una nota de prensa la instituci\u00f3n inform\u00f3 que el horario de servicio de ambos medios de transporte durante el 24 de diciembre, d\u00eda de Nochebuena, ser\u00e1 de 6:00 de la ma\u00f1ana a 8:00 de la noche.<\/p>\n<p>Mientras que el 25 de diciembre el Metro de Santo Domingo operar\u00e1 de 8:00 de la ma\u00f1ana a 10:00 de la noche y el telef\u00e9rico ofrecer\u00e1 servicios de 8:00 de la ma\u00f1ana a 9:00 de la noche.<\/p>\n<p>La Opret destac\u00f3 que el servicio de transporte y todo su personal estar\u00e1n funcionando de manera habitual hasta las horas establecidas a fin de brindar la seguridad y eficiencia acostumbrada.<\/p>\n<p>Asimismo, la instituci\u00f3n llam\u00f3 a la poblaci\u00f3n dominicana a disfrutar de estas festividades con el comedimiento y prudencia necesarios para evitar eventos no deseados que pongan en riesgo el bienestar propio y el de sus familias.<\/p>\n","protected":false},"excerpt":{"rendered":"<p>SANTO DOMINGO. &#8211; La Oficina para el Reordenamiento del Transporte (OPRET) anunci\u00f3 hoy el horario especial en el que estar\u00e1n disponibles el \u00a0Metro y Telef\u00e9rico de Santo Domingo durante las festividades navide\u00f1as para garantizar la movilidad de los usuarios de este Sistema Integrado de Transporte. En una nota de prensa la instituci\u00f3n inform\u00f3 que el [&hellip;]<\/p>\n","protected":false},"author":4,"featured_media":19329,"comment_status":"open","ping_status":"open","sticky":false,"template":"","format":"standard","meta":{"_bbp_topic_count":0,"_bbp_reply_count":0,"_bbp_total_topic_count":0,"_bbp_total_reply_count":0,"_bbp_voice_count":0,"_bbp_anonymous_reply_count":0,"_bbp_topic_count_hidden":0,"_bbp_reply_count_hidden":0,"_bbp_forum_subforum_count":0,"content-type":"","iawp_total_views":0,"footnotes":""},"categories":[105],"tags":[],"class_list":{"0":"post-41661","1":"post","2":"type-post","3":"status-publish","4":"format-standard","5":"has-post-thumbnail","7":"category-nacionales"},"_links":{"self":[{"href":"https:\/\/influencias.do\/index.php\/wp-json\/wp\/v2\/posts\/41661","targetHints":{"allow":["GET"]}}],"collection":[{"href":"https:\/\/influencias.do\/index.php\/wp-json\/wp\/v2\/posts"}],"about":[{"href":"https:\/\/influencias.do\/index.php\/wp-json\/wp\/v2\/types\/post"}],"author":[{"embeddable":true,"href":"https:\/\/influencias.do\/index.php\/wp-json\/wp\/v2\/users\/4"}],"replies":[{"embeddable":true,"href":"https:\/\/influencias.do\/index.php\/wp-json\/wp\/v2\/comments?post=41661"}],"version-history":[{"count":0,"href":"https:\/\/influencias.do\/index.php\/wp-json\/wp\/v2\/posts\/41661\/revisions"}],"wp:featuredmedia":[{"embeddable":true,"href":"https:\/\/influencias.do\/index.php\/wp-json\/"}],"wp:attachment":[{"href":"https:\/\/influencias.do\/index.php\/wp-json\/wp\/v2\/media?parent=41661"}],"wp:term":[{"taxonomy":"category","embeddable":true,"href":"https:\/\/influencias.do\/index.php\/wp-json\/wp\/v2\/categories?post=41661"},{"taxonomy":"post_tag","embeddable":true,"href":"https:\/\/influencias.do\/index.php\/wp-json\/wp\/v2\/tags?post=41661"}],"curies":[{"name":"wp","href":"https:\/\/api.w.org\/{rel}","templated":true}]}}