{"id":41561,"date":"2024-12-20T11:57:25","date_gmt":"2024-12-20T15:57:25","guid":{"rendered":"https:\/\/influencias.do\/?p=41561"},"modified":"2025-02-26T15:55:38","modified_gmt":"2025-02-26T15:55:38","slug":"pro-consumidor-intensifica-operativos-en-lechoneras-para-asegurar-calidad-y-seguridad-en-festividades-navidenas","status":"publish","type":"post","link":"https:\/\/influencias.do\/index.php\/2024\/12\/20\/pro-consumidor-intensifica-operativos-en-lechoneras-para-asegurar-calidad-y-seguridad-en-festividades-navidenas\/","title":{"rendered":"Pro Consumidor intensifica operativos en lechoneras para asegurar calidad y seguridad en festividades navide\u00f1as"},"content":{"rendered":"<p><span style=\"vertical-align: inherit;\"><span style=\"vertical-align: inherit;\">El director ejecutivo del Instituto Nacional de Protecci\u00f3n de los Derechos del Consumidor (Pro Consumidor), Eddy Alc\u00e1ntara, inform\u00f3 sobre la implementaci\u00f3n de operativos especiales para proteger a los consumidores durante las festividades navide\u00f1as.<\/span><\/span><\/p>\n<p><span style=\"vertical-align: inherit;\"><span style=\"vertical-align: inherit;\">Alc\u00e1ntara asegur\u00f3 que, desde hace semanas, equipos de Inspecci\u00f3n y Vigilancia y Buenas Pr\u00e1cticas Comerciales han estado trabajando intensamente en diversas \u00e1reas comerciales, incluyendo lechoneras y vendedores de productos navide\u00f1os.<\/span><\/span><\/p>\n<p><span style=\"vertical-align: inherit;\"><span style=\"vertical-align: inherit;\">El funcionario destac\u00f3 que uno de los principales enfoques de estos operativos es garantizar la inocuidad de los alimentos y salvaguardar los intereses econ\u00f3micos de los consumidores.<\/span><\/span><\/p>\n<blockquote><p><span style=\"vertical-align: inherit;\"><span style=\"vertical-align: inherit;\">&#8220;Estamos vigilando que los productos sean aptos para el consumo y se comercialicen en condiciones \u00f3ptimas para no afectar la salud de los ciudadanos&#8221;, explic\u00f3.<\/span><\/span><\/p><\/blockquote>\n<p><span style=\"vertical-align: inherit;\"><span style=\"vertical-align: inherit;\">Estos controles incluyen la inspecci\u00f3n de las condiciones de almacenamiento y manipulaci\u00f3n de los alimentos para asegurar que cumplen con las normativas de seguridad alimentaria.<\/span><\/span><\/p>\n<p><span style=\"vertical-align: inherit;\"><span style=\"vertical-align: inherit;\">Asimismo, dijo que otro aspecto crucial de estas jornadas es la vigilancia de los precios para evitar timaciones y pr\u00e1cticas comerciales enga\u00f1osas a la poblaci\u00f3n consumidora.<\/span><\/span><\/p>\n<p><span style=\"vertical-align: inherit;\"><span style=\"vertical-align: inherit;\">&#8220;Estamos impidiendo que los productos sufran alteraciones de precios que no corresponden con las condiciones del mercado, impidiendo ofertas enga\u00f1osas&#8221;, se\u00f1al\u00f3 Alc\u00e1ntara.<\/span><\/span><\/p>\n<p><span style=\"vertical-align: inherit;\"><span style=\"vertical-align: inherit;\">En ese orden, explic\u00f3 que el objetivo es prevenir que los comerciantes simulen descuentos falsos de bienes y servicios y esto pueda provocar un malestar econ\u00f3mico a los consumidores.<\/span><\/span><\/p>\n<p><span style=\"vertical-align: inherit;\"><span style=\"vertical-align: inherit;\">Alc\u00e1ntara asegur\u00f3 que los operativos se mantendr\u00e1n activos durante toda la temporada navide\u00f1a, adapt\u00e1ndose a las necesidades espec\u00edficas de cada d\u00eda, dado que cada jornada presenta diferentes picos de comercializaci\u00f3n de productos.<\/span><\/span><\/p>\n<blockquote><p><span style=\"vertical-align: inherit;\"><span style=\"vertical-align: inherit;\">\u201cPro Consumidor se mantiene atento a cada detalle para garantizar que los consumidores puedan realizar sus compras navide\u00f1as con confianza\u201d, concluy\u00f3.<\/span><\/span><\/p><\/blockquote>\n<p><span style=\"vertical-align: inherit;\"><span style=\"vertical-align: inherit;\">Estos operativos reflejan el compromiso de Pro Consumidor con la protecci\u00f3n de los derechos de los consumidores y la promoci\u00f3n de pr\u00e1cticas comerciales justas y seguras en la Rep\u00fablica Dominicana.<\/span><\/span><\/p>\n","protected":false},"excerpt":{"rendered":"<p>El director ejecutivo del Instituto Nacional de Protecci\u00f3n de los Derechos del Consumidor (Pro Consumidor), Eddy Alc\u00e1ntara, inform\u00f3 sobre la implementaci\u00f3n de operativos especiales para proteger a los consumidores durante las festividades navide\u00f1as. Alc\u00e1ntara asegur\u00f3 que, desde hace semanas, equipos de Inspecci\u00f3n y Vigilancia y Buenas Pr\u00e1cticas Comerciales han estado trabajando intensamente en diversas \u00e1reas [&hellip;]<\/p>\n","protected":false},"author":2,"featured_media":45687,"comment_status":"open","ping_status":"open","sticky":false,"template":"","format":"standard","meta":{"_bbp_topic_count":0,"_bbp_reply_count":0,"_bbp_total_topic_count":0,"_bbp_total_reply_count":0,"_bbp_voice_count":0,"_bbp_anonymous_reply_count":0,"_bbp_topic_count_hidden":0,"_bbp_reply_count_hidden":0,"_bbp_forum_subforum_count":0,"content-type":"","iawp_total_views":0,"footnotes":""},"categories":[107],"tags":[4125,2288],"class_list":{"0":"post-41561","1":"post","2":"type-post","3":"status-publish","4":"format-standard","5":"has-post-thumbnail","7":"category-economia","8":"tag-lechoneras","9":"tag-operativos"},"_links":{"self":[{"href":"https:\/\/influencias.do\/index.php\/wp-json\/wp\/v2\/posts\/41561","targetHints":{"allow":["GET"]}}],"collection":[{"href":"https:\/\/influencias.do\/index.php\/wp-json\/wp\/v2\/posts"}],"about":[{"href":"https:\/\/influencias.do\/index.php\/wp-json\/wp\/v2\/types\/post"}],"author":[{"embeddable":true,"href":"https:\/\/influencias.do\/index.php\/wp-json\/wp\/v2\/users\/2"}],"replies":[{"embeddable":true,"href":"https:\/\/influencias.do\/index.php\/wp-json\/wp\/v2\/comments?post=41561"}],"version-history":[{"count":1,"href":"https:\/\/influencias.do\/index.php\/wp-json\/wp\/v2\/posts\/41561\/revisions"}],"predecessor-version":[{"id":45688,"href":"https:\/\/influencias.do\/index.php\/wp-json\/wp\/v2\/posts\/41561\/revisions\/45688"}],"wp:featuredmedia":[{"embeddable":true,"href":"https:\/\/influencias.do\/index.php\/wp-json\/wp\/v2\/media\/45687"}],"wp:attachment":[{"href":"https:\/\/influencias.do\/index.php\/wp-json\/wp\/v2\/media?parent=41561"}],"wp:term":[{"taxonomy":"category","embeddable":true,"href":"https:\/\/influencias.do\/index.php\/wp-json\/wp\/v2\/categories?post=41561"},{"taxonomy":"post_tag","embeddable":true,"href":"https:\/\/influencias.do\/index.php\/wp-json\/wp\/v2\/tags?post=41561"}],"curies":[{"name":"wp","href":"https:\/\/api.w.org\/{rel}","templated":true}]}}