{"id":41371,"date":"2024-12-17T10:43:38","date_gmt":"2024-12-17T14:43:38","guid":{"rendered":"https:\/\/influencias.do\/?p=41371"},"modified":"2024-12-17T10:43:38","modified_gmt":"2024-12-17T14:43:38","slug":"lider-supremo-de-iran-amenaza-a-israel-por-invadir-siria","status":"publish","type":"post","link":"https:\/\/influencias.do\/index.php\/2024\/12\/17\/lider-supremo-de-iran-amenaza-a-israel-por-invadir-siria\/","title":{"rendered":"L\u00edder supremo de Ir\u00e1n amenaza a Israel por invadir Siria"},"content":{"rendered":"<p>El\u00a0l\u00edder supremo de Ir\u00e1n, el ayatol\u00e1 Al\u00ed Jamene\u00ed,\u00a0asever\u00f3 este martes que Israel ser\u00eda derrotado por su invasi\u00f3n de Siria, y anunci\u00f3 que las fuerzas de la resistencia isl\u00e1mica continuar\u00e1n la lucha en la regi\u00f3n,\u00a0<a href=\"https:\/\/www.khabaronline.ir\/news\/1998173\/%D8%A8%DB%8C%D8%A7%D9%86%D8%A7%D8%AA-%D8%AC%D8%AF%DB%8C%D8%AF-%D8%B1%D9%87%D8%A8%D8%B1-%D8%A7%D9%86%D9%82%D9%84%D8%A7%D8%A8-%D8%AF%D8%B1%D8%A8%D8%A7%D8%B1%D9%87-%D8%AA%D8%AD%D9%88%D9%84%D8%A7%D8%AA-%D8%A7%D8%AE%DB%8C%D8%B1-%D8%AF%D8%B1-%D8%B3%D9%88%D8%B1%DB%8C%D9%87?utm_source=google.com&amp;utm_medium=organic&amp;utm_campaign=google.com&amp;utm_referrer=google.com\" target=\"_blank\" rel=\"nofollow noopener noreferrer\">inform\u00f3<\/a>\u00a0Khabar Online.<\/p>\n<blockquote><p>&#8220;Con el movimiento que se hizo en Siria, con los cr\u00edmenes que est\u00e1n cometiendo el r\u00e9gimen sionista y Estados Unidos, y la ayuda que les est\u00e1n prestando algunas personas, pensaron que la cuesti\u00f3n de la resistencia hab\u00eda terminado, y\u00a0<strong>est\u00e1n profundamente equivocados<\/strong>&#8220;, afirm\u00f3\u00a0Jamene\u00ed en el marco de un encuentro con mujeres iran\u00edes.<\/p>\n<p>&#8220;El r\u00e9gimen sionista intenta rodear y erradicar a las fuerzas de Hezbol\u00e1 a trav\u00e9s de Siria, pero quien ser\u00e1 erradicado es Israel&#8221;,\u00a0vaticin\u00f3.<\/p><\/blockquote>\n<p>Las\u00a0Fuerzas de Defensa de Israel (FDI)\u00a0bombardearon decenas de objetivos en Siria, incluido Damasco, as\u00ed como una zona cercana a la frontera conjunta, y\u00a0<a href=\"https:\/\/actualidad.rt.com\/actualidad\/533049-reportan-tanques-israelies-cruzan-zona\" target=\"_blank\" rel=\"noopener noreferrer\">tomaron<\/a>\u00a0el control de una zona fronteriza siria por\u00a0<strong>primera vez en 50 a\u00f1os<\/strong>.<\/p>\n<p>Estas medidas coinciden con la\u00a0<strong>renuncia a la Presidencia<\/strong>\u00a0por Bashar al Assad y su salida del pa\u00eds, mientras la oposici\u00f3n armada\u00a0tom\u00f3\u00a0el control de Damasco.<\/p>\n<p>Por su parte, el primer ministro israel\u00ed, Benjam\u00edn Netanyahu,\u00a0<a href=\"https:\/\/actualidad.rt.com\/actualidad\/533139-israel-lanzar-ataques-incursion-siria-motivos\" target=\"_blank\" rel=\"nofollow noopener noreferrer\">indic\u00f3<\/a>\u00a0que esta \u00e1rea ha sido una &#8220;zona colch\u00f3n acordada en 1974 durante casi 50 a\u00f1os&#8221;, pero que el acuerdo que regulaba la divisi\u00f3n de fuerzas entre Israel y Siria a trav\u00e9s de la zona de amortiguamiento, ya no existe.<\/p>\n<p>Mientras, el comandante en jefe del Departamento de Operaciones Militares de Siria,\u00a0Ahmed al Sharaa, conocido anteriormente como\u00a0Abu Mohamad al Julani, que lider\u00f3 a las milicias armadas opositoras durante la\u00a0<a href=\"https:\/\/actualidad.rt.com\/actualidad\/533073-cancilleria-rusa-pronuncia-situacion-siria\" target=\"_blank\" rel=\"nofollow noopener noreferrer\">ca\u00edda<\/a>\u00a0del gobierno de Al Assad,\u00a0<a href=\"https:\/\/actualidad.rt.com\/actualidad\/534090-jolani-siria-plataforma-lanzamiento-ataques\" target=\"_blank\" rel=\"nofollow noopener noreferrer\">se\u00f1al\u00f3<\/a>\u00a0en una entrevista que el nuevo Gobierno est\u00e1 comprometido con\u00a0el acuerdo.<\/p>\n<p>&#8220;Estamos dispuestos al retorno de los [observadores] de la ONU. [&#8230;]\u00a0<strong>No queremos ning\u00fan conflicto, ni con Israel ni con nadie<\/strong>, y no permitiremos que Siria sea utilizada como plataforma de lanzamiento de ataques. El pueblo sirio necesita un respiro, y los ataques deben terminar e Israel tiene que retroceder a sus posiciones anteriores&#8221;, declar\u00f3.<\/p>\n","protected":false},"excerpt":{"rendered":"<p>El\u00a0l\u00edder supremo de Ir\u00e1n, el ayatol\u00e1 Al\u00ed Jamene\u00ed,\u00a0asever\u00f3 este martes que Israel ser\u00eda derrotado por su invasi\u00f3n de Siria, y anunci\u00f3 que las fuerzas de la resistencia isl\u00e1mica continuar\u00e1n la lucha en la regi\u00f3n,\u00a0inform\u00f3\u00a0Khabar Online. &#8220;Con el movimiento que se hizo en Siria, con los cr\u00edmenes que est\u00e1n cometiendo el r\u00e9gimen sionista y Estados Unidos, [&hellip;]<\/p>\n","protected":false},"author":2,"featured_media":41374,"comment_status":"open","ping_status":"open","sticky":false,"template":"","format":"standard","meta":{"_bbp_topic_count":0,"_bbp_reply_count":0,"_bbp_total_topic_count":0,"_bbp_total_reply_count":0,"_bbp_voice_count":0,"_bbp_anonymous_reply_count":0,"_bbp_topic_count_hidden":0,"_bbp_reply_count_hidden":0,"_bbp_forum_subforum_count":0,"content-type":"","iawp_total_views":0,"footnotes":""},"categories":[109],"tags":[],"class_list":{"0":"post-41371","1":"post","2":"type-post","3":"status-publish","4":"format-standard","5":"has-post-thumbnail","7":"category-internacionales"},"_links":{"self":[{"href":"https:\/\/influencias.do\/index.php\/wp-json\/wp\/v2\/posts\/41371","targetHints":{"allow":["GET"]}}],"collection":[{"href":"https:\/\/influencias.do\/index.php\/wp-json\/wp\/v2\/posts"}],"about":[{"href":"https:\/\/influencias.do\/index.php\/wp-json\/wp\/v2\/types\/post"}],"author":[{"embeddable":true,"href":"https:\/\/influencias.do\/index.php\/wp-json\/wp\/v2\/users\/2"}],"replies":[{"embeddable":true,"href":"https:\/\/influencias.do\/index.php\/wp-json\/wp\/v2\/comments?post=41371"}],"version-history":[{"count":0,"href":"https:\/\/influencias.do\/index.php\/wp-json\/wp\/v2\/posts\/41371\/revisions"}],"wp:featuredmedia":[{"embeddable":true,"href":"https:\/\/influencias.do\/index.php\/wp-json\/"}],"wp:attachment":[{"href":"https:\/\/influencias.do\/index.php\/wp-json\/wp\/v2\/media?parent=41371"}],"wp:term":[{"taxonomy":"category","embeddable":true,"href":"https:\/\/influencias.do\/index.php\/wp-json\/wp\/v2\/categories?post=41371"},{"taxonomy":"post_tag","embeddable":true,"href":"https:\/\/influencias.do\/index.php\/wp-json\/wp\/v2\/tags?post=41371"}],"curies":[{"name":"wp","href":"https:\/\/api.w.org\/{rel}","templated":true}]}}