{"id":40843,"date":"2024-12-03T07:23:01","date_gmt":"2024-12-03T11:23:01","guid":{"rendered":"https:\/\/influencias.do\/?p=40843"},"modified":"2024-12-03T07:23:01","modified_gmt":"2024-12-03T11:23:01","slug":"culmina-con-gran-exito-la-xxix-feria-ecoturistica-y-de-produccion-celebrada-en-neiba","status":"publish","type":"post","link":"https:\/\/influencias.do\/index.php\/2024\/12\/03\/culmina-con-gran-exito-la-xxix-feria-ecoturistica-y-de-produccion-celebrada-en-neiba\/","title":{"rendered":"Culmina con gran \u00e9xito la XXIX Feria Ecotur\u00edstica y de Producci\u00f3n celebrada en Neiba"},"content":{"rendered":"<p class=\"x_MsoNormal\"><span lang=\"ES-TRAD\">La XXIX Feria Ecotur\u00edstica y de Producci\u00f3n organizada por la Fundaci\u00f3n Ciencia y Arte (FCA) en esta ciudad, culmin\u00f3 con un gran \u00e9xito, del que disfrutaron millares de personas residentes en las diferentes comunidades de las provincias que componen la regi\u00f3n Enriquillo.<\/span><\/p>\n<p class=\"x_MsoNormal\"><span lang=\"ES-TRAD\">El acto de clausura del evento, al que asistieron autoridades provinciales y municipales de las diferentes comunidades de la regi\u00f3n, as\u00ed como representantes de instituciones nacionales, se celebr\u00f3 con mucha alegr\u00eda, m\u00fasica, juegos infantiles y el esplendor de los colores patrios.<\/span><\/p>\n<p class=\"x_MsoNormal\"><span lang=\"ES-TRAD\">La presidenta de la fundaci\u00f3n, Jacqueline Boin, y el presidente-fundador de la entidad, Jos\u00e9 Serulle Ramia, explicaron que, durante la celebraci\u00f3n de la feria, que se llev\u00f3 a cabo del 20 de noviembre al 1 de diciembre, se presentaron decenas de grupos art\u00edsticos comunitarios, m\u00e1s de 40 conferencias cient\u00edficas y alrededor de 55 talleres de formaci\u00f3n.<\/span><\/p>\n<p class=\"x_MsoNormal\"><span lang=\"ES-TRAD\">Dijeron que en la conferencias y talleres participaron representantes del Ministerio de Educaci\u00f3n,\u00a0 Fondo Especial Para El Desarrollo Agropecuario (FEDA), Instituto Nacional de Formaci\u00f3n T\u00e9cnico Profesional (INFOTEP), Plan International RD, Cruz Roja Dominicana, Ministerio de Medio Ambiente, Centro Regional de la Universidad Aut\u00f3noma de Santo Domingo (UASD) en Neiba, Direcci\u00f3n General de Desarrollo Fronterizo (DGDF), Consejo Nacional para la Reglamentaci\u00f3n y Fomento de la Industria Lechera (CONALECHE), Instituto Dominicano del Caf\u00e9 (Indocaf\u00e9), entre otras.<\/span><\/p>\n<p class=\"x_MsoNormal\"><span lang=\"ES-TRAD\">\u00a0<\/span><span lang=\"ES-TRAD\">Tambi\u00e9n los ministerios de Turismo, Agricultura, de la Mujer, Econom\u00eda, Planificaci\u00f3n y Desarrollo y de Cultura, as\u00ed como la Oficina Senatorial Provincia de Bahoruco, la gobernaci\u00f3n provincial y otras.<\/span><\/p>\n<p class=\"x_MsoNormal\"><span lang=\"ES-TRAD\">\u201cHubo m\u00e1s de 100 expositores tanto del sector p\u00fablico como privado, quienes trataron diferentes temas de inter\u00e9s para la regi\u00f3n\u201d, agregaron.<\/span><\/p>\n<p class=\"x_MsoNormal\"><span lang=\"ES-TRAD\">En ese sentido, Jacqueline Boin y Serulle Ramia explicaron que dentro del marco de la feria se celebr\u00f3, bajo los auspicios de Plan International y la FCA, el primer f\u00f3rum sobre las relaciones dom\u00ednico-haitianas fronterizas, as\u00ed como el encuentro Gubernamental+FAO sobre el Proyecto de la Agroindustria del Norte de Enriquillo.<\/span><\/p>\n<p class=\"x_MsoNormal\"><span lang=\"ES-TRAD\">\u201cFueron ricas las conclusiones y propuestas emanadas del evento, que persigue el desarrollo integral de las comunidades y territorios dominicanos. Las mismas se dar\u00e1n a conocer en toda su amplitud en los pr\u00f3ximos d\u00edas\u201d, dijeron.<\/span><\/p>\n<p class=\"x_MsoNormal\"><span lang=\"ES-TRAD\">Destacaron el apoyo brindado por EDESUR \u201ccon el fabuloso montaje y eficiente suministro de energ\u00eda durante los doce d\u00edas y noches de celebraci\u00f3n del evento\u201d.<\/span><\/p>\n<p class=\"x_MsoNormal\"><span lang=\"ES-TRAD\">Asimismo, hablaron del rol educativo a trav\u00e9s de su colorido pabell\u00f3n de exhibici\u00f3n.<\/span><\/p>\n<p class=\"x_MsoNormal\"><span lang=\"ES-TRAD\">Los directivos de la fundaci\u00f3n resaltaron que m\u00e1s de treinta artesanos de distintos puntos del pa\u00eds se dieron cita en esta 29 edici\u00f3n de la Feria Ecotur\u00edstica y de Producci\u00f3n.<\/span><\/p>\n<h3 class=\"x_MsoNormal\"><b><span lang=\"ES-TRAD\">Villa Altagracia ser\u00e1 sede de la XXX Feria<\/span><\/b><\/h3>\n<p class=\"x_MsoNormal\"><span lang=\"ES-TRAD\">El municipio de Villa Altagracia, de la provincia San Crist\u00f3bal, ser\u00e1 la sede de la XXX Feria Ecotur\u00edstica y de Producci\u00f3n.<\/span><\/p>\n<p class=\"x_MsoNormal\"><span lang=\"ES-TRAD\">As\u00ed lo anunciaron los economistas Jacqueline Boin y Jos\u00e9 Serulle Ramia, presidenta y presidente-fundador de la FCA, respectivamente, al finalizar el evento celebrado en Neiba, en presencia de una nutrida comisi\u00f3n que asisti\u00f3 en representaci\u00f3n de la alcald\u00eda de ese municipio.<\/span><\/p>\n","protected":false},"excerpt":{"rendered":"<p>La XXIX Feria Ecotur\u00edstica y de Producci\u00f3n organizada por la Fundaci\u00f3n Ciencia y Arte (FCA) en esta ciudad, culmin\u00f3 con un gran \u00e9xito, del que disfrutaron millares de personas residentes en las diferentes comunidades de las provincias que componen la regi\u00f3n Enriquillo. El acto de clausura del evento, al que asistieron autoridades provinciales y municipales [&hellip;]<\/p>\n","protected":false},"author":2,"featured_media":40847,"comment_status":"open","ping_status":"open","sticky":false,"template":"","format":"standard","meta":{"_bbp_topic_count":0,"_bbp_reply_count":0,"_bbp_total_topic_count":0,"_bbp_total_reply_count":0,"_bbp_voice_count":0,"_bbp_anonymous_reply_count":0,"_bbp_topic_count_hidden":0,"_bbp_reply_count_hidden":0,"_bbp_forum_subforum_count":0,"content-type":"","iawp_total_views":0,"footnotes":""},"categories":[107],"tags":[4035,3580],"class_list":{"0":"post-40843","1":"post","2":"type-post","3":"status-publish","4":"format-standard","5":"has-post-thumbnail","7":"category-economia","8":"tag-feria-ecoturistica","9":"tag-neiba"},"_links":{"self":[{"href":"https:\/\/influencias.do\/index.php\/wp-json\/wp\/v2\/posts\/40843","targetHints":{"allow":["GET"]}}],"collection":[{"href":"https:\/\/influencias.do\/index.php\/wp-json\/wp\/v2\/posts"}],"about":[{"href":"https:\/\/influencias.do\/index.php\/wp-json\/wp\/v2\/types\/post"}],"author":[{"embeddable":true,"href":"https:\/\/influencias.do\/index.php\/wp-json\/wp\/v2\/users\/2"}],"replies":[{"embeddable":true,"href":"https:\/\/influencias.do\/index.php\/wp-json\/wp\/v2\/comments?post=40843"}],"version-history":[{"count":0,"href":"https:\/\/influencias.do\/index.php\/wp-json\/wp\/v2\/posts\/40843\/revisions"}],"wp:featuredmedia":[{"embeddable":true,"href":"https:\/\/influencias.do\/index.php\/wp-json\/"}],"wp:attachment":[{"href":"https:\/\/influencias.do\/index.php\/wp-json\/wp\/v2\/media?parent=40843"}],"wp:term":[{"taxonomy":"category","embeddable":true,"href":"https:\/\/influencias.do\/index.php\/wp-json\/wp\/v2\/categories?post=40843"},{"taxonomy":"post_tag","embeddable":true,"href":"https:\/\/influencias.do\/index.php\/wp-json\/wp\/v2\/tags?post=40843"}],"curies":[{"name":"wp","href":"https:\/\/api.w.org\/{rel}","templated":true}]}}