{"id":4078,"date":"2023-02-27T12:15:06","date_gmt":"2023-02-27T16:15:06","guid":{"rendered":"https:\/\/influencias.do\/?p=4078"},"modified":"2023-02-27T12:15:06","modified_gmt":"2023-02-27T16:15:06","slug":"el-fideicomiso-do-sostenible-impactara-positivamente-el-40-de-los-residuos-solidos-del-pais-en-2023","status":"publish","type":"post","link":"https:\/\/influencias.do\/index.php\/2023\/02\/27\/el-fideicomiso-do-sostenible-impactara-positivamente-el-40-de-los-residuos-solidos-del-pais-en-2023\/","title":{"rendered":"El Fideicomiso DO sostenible impactar\u00e1 positivamente el 40% de los residuos s\u00f3lidos del pa\u00eds en 2023"},"content":{"rendered":"\n<p>El presidente Luis Abinader afirm\u00f3 este lunes en su tercer discurso de rendici\u00f3n de cuentas ante la Asamblea Nacional, que, en cuanto a la gesti\u00f3n de residuos s\u00f3lidos, el Fideicomiso DO sostenible impactar\u00e1 positivamente el 40% de los residuos s\u00f3lidos del pa\u00eds en 2023.<\/p>\n\n\n\n<p>El jefe de Estado resalt\u00f3 que al inicio de su gesti\u00f3n se encontraron con 240 vertederos a cielo abierto existentes y 235 de estos operaban sin cumplir ning\u00fan est\u00e1ndar local o internacional que garantizara el manejo apropiado de la basura.<\/p>\n\n\n\n<p>\u201cHoy en d\u00eda el Fideicomiso DO Sostenible ha aprobado 3 grandes Sitios de Disposici\u00f3n Final en La Altagracia, Gran Santo Domingo y Santiago, para un manejo integral de 3,000 toneladas diarias\u201d, detall\u00f3 Abinader.<\/p>\n\n\n\n<p>Explic\u00f3 adem\u00e1s que ya fueron iniciadas las regularizaciones de las provincias de Pedernales, Peravia, Dajab\u00f3n, y Montecristi, y los cierres t\u00e9cnicos de los municipios de Moca y Tamboril, al igual que la remediaci\u00f3n y cierre t\u00e9cnico de la Estaci\u00f3n de Transferencia ubicada en la Comunidad de Cancino, SDE que hasta el momento operaba como vertedero, afectando por d\u00e9cadas a casi 1 mill\u00f3n de personas.<\/p>\n\n\n\n<p>Agreg\u00f3 que con estos proyectos privados se impactar\u00e1n a m\u00e1s de 2.5 millones de habitantes y con la inclusi\u00f3n de las de las Plantas de Valorizaci\u00f3n de Saman\u00e1, San Pedro de Macor\u00eds y San Francisco de Macor\u00eds este a\u00f1o ser\u00e1n impactados m\u00e1s de 3.3 millones de personas, as\u00ed como la generaci\u00f3n de empleos v\u00eda el sector privado. \u201cCon todas estas medidas lograremos operar de manera sostenible el 40% de los residuos s\u00f3lidos urbanos del pa\u00eds\u201d.<\/p>\n\n\n\n<p>Programa de Restauraci\u00f3n Costera<\/p>\n\n\n\n<p>El presidente Abinader se refiri\u00f3 al programa de Restauraci\u00f3n Costera, donde destac\u00f3 que el ministerio de Medio Ambiente implement\u00f3 este programa y fueron saneados m\u00e1s de 14 kil\u00f3metros de costas en 60 localidades del pa\u00eds a trav\u00e9s de la jornada nacional de limpieza de playas y riberas de r\u00edos, recogiendo m\u00e1s de 35 toneladas m\u00e9tricas de desechos s\u00f3lidos.<\/p>\n\n\n\n<p>Adem\u00e1s de eso fueron intervenidas 19 \u00e1reas protegidas se mejorando su infraestructura como el Parque Nacional Jaragua, el Monumento Natural Saltos de Jimenoa y el Santuario de Mam\u00edferos Marinos Estero Hondo, a\u00f1adi\u00f3 que fue rescatado el Monumento Natural Lagunas Cabarete y Goleta, y transformamos el Morro de Montecristi con un sendero eco-amigable e inclusivo<\/p>\n\n\n\n<p>El mandatario enfatiz\u00f3 que durante el pasado a\u00f1o el gobierno cre\u00f3 dos nuevas \u00c1reas Protegidas que fueron el Parque Nacional Loma Los Siete Picos y el Refugio de Vida Silvestre Laguna Prieta.<\/p>\n\n\n\n<p>\u201cHemos priorizado la reforestaci\u00f3n y el manejo forestal sostenible con la plantaci\u00f3n de m\u00e1s de 7.4 millones de \u00e1rboles entre el Ministerio de Medio Ambiente y la Unidad T\u00e9cnica Ejecutora de proyectos agroforestales, (UTEPDA)\u201d.<\/p>\n\n\n\n<p>Miner\u00eda no met\u00e1lica<\/p>\n\n\n\n<p>En cuanto a la extracci\u00f3n de materiales de la corteza terrestre miner\u00eda no met\u00e1lica, Abinader resalt\u00f3 que se ha establecido un plan de manejo sostenible de canteras, garantizando el suministro a sectores importantes y en crecimiento como el de la construcci\u00f3n, reduciendo un 100% el tiempo para responder a las solicitudes de extracci\u00f3n de materiales, y ampliado la oferta de fuentes de agregados al reactivar m\u00e1s del 25% de las 275 minas inactivas.<\/p>\n\n\n\n<p>\u201cDurante todo el 2022 otorgamos un 98% de permisos para cantera seca y solo un 2% para m\u00e1rgenes de los r\u00edos, estamos logrando eliminar aceleradamente la extracci\u00f3n de material de las canteras de los r\u00edos, depredados durante d\u00e9cadas\u201d, indic\u00f3 el gobernante.<\/p>\n","protected":false},"excerpt":{"rendered":"<p>El presidente Luis Abinader afirm\u00f3 este lunes en su tercer discurso de rendici\u00f3n de cuentas ante la Asamblea Nacional, que, en cuanto a la gesti\u00f3n de residuos s\u00f3lidos, el Fideicomiso DO sostenible impactar\u00e1 positivamente el 40% de los residuos s\u00f3lidos del pa\u00eds en 2023. El jefe de Estado resalt\u00f3 que al inicio de su gesti\u00f3n [&hellip;]<\/p>\n","protected":false},"author":2,"featured_media":4083,"comment_status":"open","ping_status":"open","sticky":false,"template":"","format":"standard","meta":{"_bbp_topic_count":0,"_bbp_reply_count":0,"_bbp_total_topic_count":0,"_bbp_total_reply_count":0,"_bbp_voice_count":0,"_bbp_anonymous_reply_count":0,"_bbp_topic_count_hidden":0,"_bbp_reply_count_hidden":0,"_bbp_forum_subforum_count":0,"content-type":"","iawp_total_views":0,"footnotes":""},"categories":[105],"tags":[],"class_list":{"0":"post-4078","1":"post","2":"type-post","3":"status-publish","4":"format-standard","5":"has-post-thumbnail","7":"category-nacionales"},"_links":{"self":[{"href":"https:\/\/influencias.do\/index.php\/wp-json\/wp\/v2\/posts\/4078","targetHints":{"allow":["GET"]}}],"collection":[{"href":"https:\/\/influencias.do\/index.php\/wp-json\/wp\/v2\/posts"}],"about":[{"href":"https:\/\/influencias.do\/index.php\/wp-json\/wp\/v2\/types\/post"}],"author":[{"embeddable":true,"href":"https:\/\/influencias.do\/index.php\/wp-json\/wp\/v2\/users\/2"}],"replies":[{"embeddable":true,"href":"https:\/\/influencias.do\/index.php\/wp-json\/wp\/v2\/comments?post=4078"}],"version-history":[{"count":0,"href":"https:\/\/influencias.do\/index.php\/wp-json\/wp\/v2\/posts\/4078\/revisions"}],"wp:featuredmedia":[{"embeddable":true,"href":"https:\/\/influencias.do\/index.php\/wp-json\/"}],"wp:attachment":[{"href":"https:\/\/influencias.do\/index.php\/wp-json\/wp\/v2\/media?parent=4078"}],"wp:term":[{"taxonomy":"category","embeddable":true,"href":"https:\/\/influencias.do\/index.php\/wp-json\/wp\/v2\/categories?post=4078"},{"taxonomy":"post_tag","embeddable":true,"href":"https:\/\/influencias.do\/index.php\/wp-json\/wp\/v2\/tags?post=4078"}],"curies":[{"name":"wp","href":"https:\/\/api.w.org\/{rel}","templated":true}]}}