{"id":40186,"date":"2024-11-18T09:39:51","date_gmt":"2024-11-18T13:39:51","guid":{"rendered":"https:\/\/influencias.do\/?p=40186"},"modified":"2024-11-18T09:39:51","modified_gmt":"2024-11-18T13:39:51","slug":"signos-de-la-apnea-obstructiva-del-sueno-infantil-roncar-y-no-descansar","status":"publish","type":"post","link":"https:\/\/influencias.do\/index.php\/2024\/11\/18\/signos-de-la-apnea-obstructiva-del-sueno-infantil-roncar-y-no-descansar\/","title":{"rendered":"Signos de la apnea obstructiva del sue\u00f1o infantil: roncar y no descansar"},"content":{"rendered":"<article id=\"post-358739\" class=\"post-358739 post type-post status-publish format-standard has-post-thumbnail hentry category-noticias-principales category-prevencion category-salud-y-prevencion tag-dormir tag-infancia tag-trastorno fuentes-grupo-quironsalud\">\n<div class=\"bsingle__post mb-50\">\n<div class=\"bsingle__content\">\n<p>Seg\u00fan la Asociaci\u00f3n Espa\u00f1ola de Pediatr\u00eda, entre un 25 y un 30 % de los ni\u00f1os menores de 5 a\u00f1os presenta problemas o alteraciones de sue\u00f1o, entre ellos el S\u00edndrome de Apnea Obstructiva del Sue\u00f1o infantil (SAOS).<\/p>\n<p>El sue\u00f1o es reparador, especialmente para los ni\u00f1os, que tras una larga jornada de actividades diversas, dormir y descansar les recarga las pilas, pero si esto no es as\u00ed, si el ni\u00f1o no duerme bien, al d\u00eda siguiente se sentir\u00e1 cansado e irritable.<\/p>\n<p>En la mayor\u00eda de los casos, el s\u00edndrome de apnea obstructiva del sue\u00f1o infantil no se diagnostica porque los padres asumen que el ni\u00f1o, simplemente, duerme mal.<\/p>\n<p>Sin embargo, la apnea obstructiva del\u00a0<a href=\"https:\/\/efesalud.com\/sueno-infantil-llantos-siesta-colecho-que-hacer\/\" target=\"_blank\" rel=\"noreferrer noopener\" data-wpel-link=\"internal\">sue\u00f1o infantil<\/a>\u00a0es un tipo de trastorno respiratorio del sue\u00f1o, un problema mucho m\u00e1s serio que una mala noche de insomnio.<\/p>\n<p>Se produce como consecuencia de una obstrucci\u00f3n, total o parcial de las v\u00edas respiratoria superiores, provocando una pausa de la respiraci\u00f3n durante la noche.<\/p>\n<p>Las pausas en la respiraci\u00f3n que tiene el ni\u00f1o durante el sue\u00f1o, hacen que bajen los niveles de ox\u00edgeno en el organismo. Esto lo detecta el cerebro como una \u201camenaza\u201d y despierta al crio para que el organismo vuelva a funcionar. Si las pausas respiratorias son muy frecuentes, el ni\u00f1o dormir\u00e1 menos y no descansar\u00e1, lo que puede provocar da\u00f1os en su salud tanto f\u00edsica como mental.<\/p>\n<p>Este trastorno del sue\u00f1o lo padecen entre el 1 y el 5 % de los ni\u00f1os, especialmente entre los 3 y los 8 a\u00f1os.<\/p>\n<p>Puede afectar a la calidad de vida del ni\u00f1o ya que altera el crecimiento cr\u00e1neo-facial, y el desarrollo de funciones tan b\u00e1sicas como masticar.<\/p>\n<p>Un ni\u00f1o respira la mayor parte del tiempo por la nariz, y, normalmente, cuando tiene la boca cerrada la lengua est\u00e1 tocando el paladar, lo que evita tambi\u00e9n, que ronque de manera continua.<\/p>\n<p>Si no respira de esta forma, se produce un problema en el desarrollo dental, una maloclusi\u00f3n dental, es decir los dientes se desv\u00edan de su posici\u00f3n normal. Este problema suele ocurrir en siete de cada diez ni\u00f1os que padecen apnea obstructiva del sue\u00f1o.<\/p>\n<h2 class=\"wp-block-heading\">Las causas del s\u00edndrome de apnea obstructiva del sue\u00f1o infantil<\/h2>\n<p>El s\u00edndrome de apnea obstructiva del sue\u00f1o sucede a cualquier edad, pero es m\u00e1s habitual en edad temprana, alrededor de los dos y los ocho a\u00f1os, porque es cuando se desarrollan las am\u00edgdalas y las adenoides (vegetaciones) de la v\u00eda a\u00e9rea superior.<\/p>\n<p>\u201cLa causa m\u00e1s frecuente de apnea obstructiva del sue\u00f1o en ni\u00f1os es la existencia de am\u00edgdalas y adenoides de mayor tama\u00f1o al normal. Otros factores son el sobrepeso, las alteraciones del macizo facial y las alteraciones neuromusculares de origen gen\u00e9tico. Los ni\u00f1os con s\u00edndrome de Down son especialmente susceptibles a tener AOS\u201d, explica la\u00a0<strong>doctora Irene Rubio Bollinger, neurofisi\u00f3loga y responsable de la Unidad del Sue\u00f1o en el\u00a0<a href=\"https:\/\/www.quironsalud.com\/hospital-sur\" rel=\"nofollow\" data-wpel-link=\"external\">Hospital Quir\u00f3nsalud Sur.<\/a><\/strong><\/p>\n<h2 class=\"wp-block-heading\">Los s\u00edntomas<\/h2>\n<p>El principal s\u00edntoma de la apnea obstructiva es la pausa en la respiraci\u00f3n. Cuando est\u00e1n dormidos, los ni\u00f1os suelen jadear y emitir un sonido como si se estuvieran ahogando.<\/p>\n<p>El ronquido tambi\u00e9n es un s\u00edntoma muy frecuente del SAOS.<\/p>\n<blockquote class=\"wp-block-quote is-layout-flow wp-block-quote-is-layout-flow\"><p>\u201cLos ronquidos pueden ser continuos o intermitentes con intervalos de silencio y empeoran si tienen infecciones de v\u00edas respiratorias altas. Si el ni\u00f1o ronca tres noches por semana, es conveniente consultar con el otorrinolaring\u00f3logo. Los ni\u00f1os con apnea tambi\u00e9n pueden presentar una fisonom\u00eda caracter\u00edstica como caras alargadas, falta de desarrollo del tercio medio facial y retro o micrognatia, mand\u00edbula peque\u00f1a\u201d, puntualiza la doctora Rubio Bollinger.<\/p><\/blockquote>\n<p>Adem\u00e1s, se pueden presentar problemas de conducta como ansiedad, agresividad, depresi\u00f3n, hiperactividad, irritabilidad o problemas de concentraci\u00f3n.<\/p>\n<p>Otros s\u00edntomas de este trastorno son sue\u00f1o intranquilo, pesadillas, sudoraci\u00f3n nocturna, incontinencia o respiraci\u00f3n por la boca.<\/p>\n<h2 class=\"wp-block-heading\">El diagn\u00f3stico<\/h2>\n<p>Un diagnostico temprano es fundamental para solucionar el problema y evitar complicaciones en el crecimiento del ni\u00f1o ya que puede desarrollar hipertensi\u00f3n, colesterol alto, pre-diabetes o enfermedades cardiovasculares.<\/p>\n<p>Para detectar la apnea obstructiva del sue\u00f1o, se debe realizar una polisomnograf\u00eda nocturna.<\/p>\n<p>El ni\u00f1o debe pasar una noche en el centro donde se lleve a cabo para controlar y estudiar los movimientos oculares, la frecuencia cardiaca, los ronquidos, la respiraci\u00f3n, los niveles de ox\u00edgeno, adem\u00e1s de los movimientos y las posturas que adopta el ni\u00f1o mientras duerme.<\/p>\n<p>En algunos casos, el trastorno est\u00e1 provocado por otros problemas, \u201ccomo puede ser la presencia de reflujo gastroesof\u00e1gico nocturno, siendo esta la primera causa que hay que tratar y se debe tener en cuenta en las unidades de sue\u00f1o cuando un ni\u00f1o acude a consulta por mal descanso, s\u00edntomas nocturnos de mal descanso o s\u00edntomas diurnos de diferente \u00edndole que puedan tener como causa un trastorno respiratorio del sue\u00f1o como es el AOS\u201d, a\u00f1ade la especialista.<\/p>\n<p>Una vez confirmado el diagn\u00f3stico, si la causa de la apnea es por unas am\u00edgdalas o adenoides demasiado grandes, se practica una extracci\u00f3n de am\u00edgdalas o de adenoides.<\/p>\n<p>En casos m\u00e1s severos, en los que la causa no es el tama\u00f1o de las am\u00edgdalas, se pueden tratar con una terapia de presi\u00f3n positiva contin\u00faa en las v\u00edas respiratorias, lo que se conoce como CPAP.<\/p>\n<p>Esta terapia consiste en una m\u00e1scara, que lleva puesta el ni\u00f1o durante la noche, y puede cubrirle solo la nariz o la nariz y la boca. La m\u00e1scara est\u00e1 conectada a una m\u00e1quina que bombea aire para abrir las v\u00edas respiratorias.<\/p>\n<p>Si la apnea obstructiva del sue\u00f1o est\u00e1 provocada por un exceso de peso, lo m\u00e1s importante es perder los kilos de m\u00e1s con ejercicio f\u00edsico y cambios en la dieta del menor. EFE<\/p>\n<\/div>\n<\/div>\n<\/article>\n","protected":false},"excerpt":{"rendered":"<p>Seg\u00fan la Asociaci\u00f3n Espa\u00f1ola de Pediatr\u00eda, entre un 25 y un 30 % de los ni\u00f1os menores de 5 a\u00f1os presenta problemas o alteraciones de sue\u00f1o, entre ellos el S\u00edndrome de Apnea Obstructiva del Sue\u00f1o infantil (SAOS). El sue\u00f1o es reparador, especialmente para los ni\u00f1os, que tras una larga jornada de actividades diversas, dormir y [&hellip;]<\/p>\n","protected":false},"author":2,"featured_media":40189,"comment_status":"open","ping_status":"open","sticky":false,"template":"","format":"standard","meta":{"_bbp_topic_count":0,"_bbp_reply_count":0,"_bbp_total_topic_count":0,"_bbp_total_reply_count":0,"_bbp_voice_count":0,"_bbp_anonymous_reply_count":0,"_bbp_topic_count_hidden":0,"_bbp_reply_count_hidden":0,"_bbp_forum_subforum_count":0,"content-type":"","iawp_total_views":0,"footnotes":""},"categories":[2802],"tags":[3944,3143,907,3945],"class_list":{"0":"post-40186","1":"post","2":"type-post","3":"status-publish","4":"format-standard","5":"has-post-thumbnail","7":"category-salud","8":"tag-apnea-del-sueno","9":"tag-menores-de-edad","10":"tag-ninos","11":"tag-sueno-infantil"},"_links":{"self":[{"href":"https:\/\/influencias.do\/index.php\/wp-json\/wp\/v2\/posts\/40186","targetHints":{"allow":["GET"]}}],"collection":[{"href":"https:\/\/influencias.do\/index.php\/wp-json\/wp\/v2\/posts"}],"about":[{"href":"https:\/\/influencias.do\/index.php\/wp-json\/wp\/v2\/types\/post"}],"author":[{"embeddable":true,"href":"https:\/\/influencias.do\/index.php\/wp-json\/wp\/v2\/users\/2"}],"replies":[{"embeddable":true,"href":"https:\/\/influencias.do\/index.php\/wp-json\/wp\/v2\/comments?post=40186"}],"version-history":[{"count":0,"href":"https:\/\/influencias.do\/index.php\/wp-json\/wp\/v2\/posts\/40186\/revisions"}],"wp:featuredmedia":[{"embeddable":true,"href":"https:\/\/influencias.do\/index.php\/wp-json\/"}],"wp:attachment":[{"href":"https:\/\/influencias.do\/index.php\/wp-json\/wp\/v2\/media?parent=40186"}],"wp:term":[{"taxonomy":"category","embeddable":true,"href":"https:\/\/influencias.do\/index.php\/wp-json\/wp\/v2\/categories?post=40186"},{"taxonomy":"post_tag","embeddable":true,"href":"https:\/\/influencias.do\/index.php\/wp-json\/wp\/v2\/tags?post=40186"}],"curies":[{"name":"wp","href":"https:\/\/api.w.org\/{rel}","templated":true}]}}