{"id":40157,"date":"2024-11-17T10:50:15","date_gmt":"2024-11-17T14:50:15","guid":{"rendered":"https:\/\/influencias.do\/?p=40157"},"modified":"2024-11-17T10:50:15","modified_gmt":"2024-11-17T14:50:15","slug":"abinader-entrega-394-nuevos-certificados-de-titulo-de-propiedad-en-ramon-santana","status":"publish","type":"post","link":"https:\/\/influencias.do\/index.php\/2024\/11\/17\/abinader-entrega-394-nuevos-certificados-de-titulo-de-propiedad-en-ramon-santana\/","title":{"rendered":"Abinader entrega 394 nuevos certificados de t\u00edtulo de propiedad en Ram\u00f3n Santana"},"content":{"rendered":"<p>El presidente Luis Abinader hizo entrega de 394 nuevos t\u00edtulos de propiedad a igual n\u00famero de familias, que se traduce en beneficio para 1,600 personas del municipio Ram\u00f3n Santana en San Pedro de Macor\u00eds.<\/p>\n<p>Es la primera entrega de t\u00edtulos en esta demarcaci\u00f3n que lleva a los beneficiarios la seguridad y la paz que significa contar con documentos que los acredita como due\u00f1os de terrenos en los cuales levantaron sus hogares y trabajan para garantizar su sustento.<\/p>\n<p>Al dirigirse a los presentes, el presidente Abinader reiter\u00f3 que la titulaci\u00f3n es una de las pol\u00edticas p\u00fablicas m\u00e1s importantes y con la que siente mayor satisfacci\u00f3n porque con ello se hace visible la mayor expresi\u00f3n de justicia social y triplica el valor de esos terrenos.<\/p>\n<p>Record\u00f3 que por d\u00e9cadas la falta de titularidad ha sido una injusticia en Am\u00e9rica Latina dejando a la gente &#8220;en la penumbra legal&#8221; y sin la seguridad de su patrimonio. Y hoy la Rep\u00fablica Dominicana revierte poco a poco esa realidad, construyendo un camino hacia una econom\u00eda formal.<\/p>\n<p>&#8220;Y con estos t\u00edtulos estamos cerrando la brecha de las desigualdades, al tiempo de reconocer el valor de quienes trabajaron arduamente para construir ladrillo a ladrillo sus vidas, y sus sue\u00f1os, por lo que esta entrega de certificados m\u00e1s que un simple documento, es un s\u00edmbolo de esperanza, pero tambi\u00e9n de cambio, y es la certeza de que nadie debe quedarse al margen ni ninguna familia olvidada&#8221;, precis\u00f3 el presidente Abinader.<\/p>\n<p>Maura Aurosa Celeste, en representaci\u00f3n de los beneficiarios, agradeci\u00f3 al mandatario por hacer realidad el que ellos logren tener documentos que avalan la propiedad de los terrenos en los cuales viven y trabajan.<\/p>\n<p>Al dirigirse a los presentes, Duarte M\u00e9ndez, director ejecutivo de la Unidad T\u00e9cnica Ejecutora de Titulaci\u00f3n de Terrenos del Estado, indic\u00f3 que estos trabajos ahorran a los beneficiarios un total de RD$31,520,000.00.<\/p>\n<p>Manifest\u00f3 que en la actualidad se trabaja en la b\u00fasqueda de una soluci\u00f3n legal a los certificados de t\u00edtulos que faltan por entregar, &#8220;para que nuestro presidente nuevamente venga a entregarles sus t\u00edtulos de propiedad&#8221;.<\/p>\n<p>La bendici\u00f3n la imparti\u00f3 el sacerdote Alberto Ortiz de la parroquia Inmaculada Concepci\u00f3n, quien agradeci\u00f3 al presidente por hacer posible la reconstrucci\u00f3n del templo local, la casa curial y un veh\u00edculo para la comunidad.<\/p>\n","protected":false},"excerpt":{"rendered":"<p>El presidente Luis Abinader hizo entrega de 394 nuevos t\u00edtulos de propiedad a igual n\u00famero de familias, que se traduce en beneficio para 1,600 personas del municipio Ram\u00f3n Santana en San Pedro de Macor\u00eds. Es la primera entrega de t\u00edtulos en esta demarcaci\u00f3n que lleva a los beneficiarios la seguridad y la paz que significa [&hellip;]<\/p>\n","protected":false},"author":2,"featured_media":40159,"comment_status":"open","ping_status":"open","sticky":false,"template":"","format":"standard","meta":{"_bbp_topic_count":0,"_bbp_reply_count":0,"_bbp_total_topic_count":0,"_bbp_total_reply_count":0,"_bbp_voice_count":0,"_bbp_anonymous_reply_count":0,"_bbp_topic_count_hidden":0,"_bbp_reply_count_hidden":0,"_bbp_forum_subforum_count":0,"content-type":"","iawp_total_views":0,"footnotes":""},"categories":[105],"tags":[],"class_list":{"0":"post-40157","1":"post","2":"type-post","3":"status-publish","4":"format-standard","5":"has-post-thumbnail","7":"category-nacionales"},"_links":{"self":[{"href":"https:\/\/influencias.do\/index.php\/wp-json\/wp\/v2\/posts\/40157","targetHints":{"allow":["GET"]}}],"collection":[{"href":"https:\/\/influencias.do\/index.php\/wp-json\/wp\/v2\/posts"}],"about":[{"href":"https:\/\/influencias.do\/index.php\/wp-json\/wp\/v2\/types\/post"}],"author":[{"embeddable":true,"href":"https:\/\/influencias.do\/index.php\/wp-json\/wp\/v2\/users\/2"}],"replies":[{"embeddable":true,"href":"https:\/\/influencias.do\/index.php\/wp-json\/wp\/v2\/comments?post=40157"}],"version-history":[{"count":0,"href":"https:\/\/influencias.do\/index.php\/wp-json\/wp\/v2\/posts\/40157\/revisions"}],"wp:featuredmedia":[{"embeddable":true,"href":"https:\/\/influencias.do\/index.php\/wp-json\/"}],"wp:attachment":[{"href":"https:\/\/influencias.do\/index.php\/wp-json\/wp\/v2\/media?parent=40157"}],"wp:term":[{"taxonomy":"category","embeddable":true,"href":"https:\/\/influencias.do\/index.php\/wp-json\/wp\/v2\/categories?post=40157"},{"taxonomy":"post_tag","embeddable":true,"href":"https:\/\/influencias.do\/index.php\/wp-json\/wp\/v2\/tags?post=40157"}],"curies":[{"name":"wp","href":"https:\/\/api.w.org\/{rel}","templated":true}]}}