{"id":40149,"date":"2024-11-16T10:44:12","date_gmt":"2024-11-16T14:44:12","guid":{"rendered":"https:\/\/influencias.do\/?p=40149"},"modified":"2024-11-16T10:44:12","modified_gmt":"2024-11-16T14:44:12","slug":"extraditan-ciudadanos-bulgaro-y-ruso-al-reino-de-espana-por-cometer-varios-delitos","status":"publish","type":"post","link":"https:\/\/influencias.do\/index.php\/2024\/11\/16\/extraditan-ciudadanos-bulgaro-y-ruso-al-reino-de-espana-por-cometer-varios-delitos\/","title":{"rendered":"Extraditan ciudadanos b\u00falgaro y ruso al Reino de Espa\u00f1a por cometer varios delitos"},"content":{"rendered":"<p>La Polic\u00eda Nacional, a trav\u00e9s de la Direcci\u00f3n Central de Investigaci\u00f3n (DICRIM) y la Oficina Central Nacional de INTERPOL Santo Domingo (OCN-INTERPOL), en coordinaci\u00f3n con la Direcci\u00f3n de Cooperaci\u00f3n Jur\u00eddica Internacional y Derechos Humanos de la Procuradur\u00eda General de la Rep\u00fablica, ha realizado dos importantes extradiciones al Reino de Espa\u00f1a, en cumplimiento de decretos administrativos.<\/p>\n<p>Uno de ellos es el ciudadano b\u00falgaro Vasil Damyanov Telbizov, quien fue extraditado en virtud del decreto administrativo No. 423-24, emitido el 2 de agosto de 2024. Telbizov era requerido por las autoridades espa\u00f1olas por los delitos de trata de seres humanos con fines de explotaci\u00f3n sexual, agresi\u00f3n sexual con penetraci\u00f3n y lesiones.<\/p>\n<p>Su captura fue gestionada mediante una Notificaci\u00f3n Roja de B\u00fasqueda y Captura Internacional, lo que permiti\u00f3 su localizaci\u00f3n y detenci\u00f3n el 19 de julio de 2024.<\/p>\n<p>Por otro lado, el ciudadano ruso Sergei Berezin fue extraditado en cumplimiento del decreto administrativo No. 500-24, emitido el 9 de septiembre de 2024. Berezin es requerido por las autoridades espa\u00f1olas por su implicaci\u00f3n en una organizaci\u00f3n delictiva dedicada al blanqueo de capitales y la estafa, siendo se\u00f1alado como l\u00edder de las empresas del Grupo Juicy Fields.<\/p>\n<p>Estas extradiciones reflejan el compromiso de la Polic\u00eda Nacional y la Procuradur\u00eda General de la Rep\u00fablica con la justicia y la seguridad, actuando de manera firme y coordinada con las autoridades internacionales en la lucha contra el crimen transnacional.<\/p>\n<p>Con estas acciones, la Polic\u00eda Nacional reafirma su compromiso con la seguridad global y el respeto a las leyes a nivel internacional.<\/p>\n","protected":false},"excerpt":{"rendered":"<p>La Polic\u00eda Nacional, a trav\u00e9s de la Direcci\u00f3n Central de Investigaci\u00f3n (DICRIM) y la Oficina Central Nacional de INTERPOL Santo Domingo (OCN-INTERPOL), en coordinaci\u00f3n con la Direcci\u00f3n de Cooperaci\u00f3n Jur\u00eddica Internacional y Derechos Humanos de la Procuradur\u00eda General de la Rep\u00fablica, ha realizado dos importantes extradiciones al Reino de Espa\u00f1a, en cumplimiento de decretos administrativos. [&hellip;]<\/p>\n","protected":false},"author":2,"featured_media":40151,"comment_status":"open","ping_status":"open","sticky":false,"template":"","format":"standard","meta":{"_bbp_topic_count":0,"_bbp_reply_count":0,"_bbp_total_topic_count":0,"_bbp_total_reply_count":0,"_bbp_voice_count":0,"_bbp_anonymous_reply_count":0,"_bbp_topic_count_hidden":0,"_bbp_reply_count_hidden":0,"_bbp_forum_subforum_count":0,"content-type":"","iawp_total_views":0,"footnotes":""},"categories":[108,105],"tags":[],"class_list":{"0":"post-40149","1":"post","2":"type-post","3":"status-publish","4":"format-standard","5":"has-post-thumbnail","7":"category-mas-vistas","8":"category-nacionales"},"_links":{"self":[{"href":"https:\/\/influencias.do\/index.php\/wp-json\/wp\/v2\/posts\/40149","targetHints":{"allow":["GET"]}}],"collection":[{"href":"https:\/\/influencias.do\/index.php\/wp-json\/wp\/v2\/posts"}],"about":[{"href":"https:\/\/influencias.do\/index.php\/wp-json\/wp\/v2\/types\/post"}],"author":[{"embeddable":true,"href":"https:\/\/influencias.do\/index.php\/wp-json\/wp\/v2\/users\/2"}],"replies":[{"embeddable":true,"href":"https:\/\/influencias.do\/index.php\/wp-json\/wp\/v2\/comments?post=40149"}],"version-history":[{"count":0,"href":"https:\/\/influencias.do\/index.php\/wp-json\/wp\/v2\/posts\/40149\/revisions"}],"wp:featuredmedia":[{"embeddable":true,"href":"https:\/\/influencias.do\/index.php\/wp-json\/"}],"wp:attachment":[{"href":"https:\/\/influencias.do\/index.php\/wp-json\/wp\/v2\/media?parent=40149"}],"wp:term":[{"taxonomy":"category","embeddable":true,"href":"https:\/\/influencias.do\/index.php\/wp-json\/wp\/v2\/categories?post=40149"},{"taxonomy":"post_tag","embeddable":true,"href":"https:\/\/influencias.do\/index.php\/wp-json\/wp\/v2\/tags?post=40149"}],"curies":[{"name":"wp","href":"https:\/\/api.w.org\/{rel}","templated":true}]}}