{"id":37948,"date":"2024-09-19T13:13:35","date_gmt":"2024-09-19T17:13:35","guid":{"rendered":"https:\/\/influencias.do\/?p=37948"},"modified":"2024-09-19T13:13:35","modified_gmt":"2024-09-19T17:13:35","slug":"suenan-sirenas-en-el-norte-de-israel","status":"publish","type":"post","link":"https:\/\/influencias.do\/index.php\/2024\/09\/19\/suenan-sirenas-en-el-norte-de-israel\/","title":{"rendered":"Suenan sirenas en el norte de Israel"},"content":{"rendered":"<p>Las Fuerzas de Defensa de Israel (FDI)\u00a0<a href=\"https:\/\/t.me\/idfofficial\/10151\" target=\"_blank\" rel=\"noopener noreferrer\">comunicaron<\/a>\u00a0que las alarmas de misiles se activaron\u00a0<strong>en el norte de Israel<\/strong>.<\/p>\n<p>Las sirenas\u00a0<strong>se activaron en medio del aumento de tensiones entre Israel y Hezbol\u00e1<\/strong>, despu\u00e9s de las explosiones masivas de dispositivos electr\u00f3nicos en el L\u00edbano que ocurrieron durante los dos \u00faltimos d\u00edas. Aun no se sabe que provoc\u00f3 el alarma.<\/p>\n<p>Mientras tanto, el l\u00edder del grupo chiita, Hassan Nasrallah,\u00a0<a href=\"https:\/\/esrt.space\/actualidad\/523435-declaracion-guerra-israel-jefe-hezbola\" target=\"_blank\" rel=\"noopener noreferrer\">calific\u00f3<\/a>\u00a0las explosiones coordinadas de dispositivos como\u00a0<strong>una &#8220;masacre&#8221; y una &#8220;declaraci\u00f3n de guerra&#8221; contra el pueblo liban\u00e9s<\/strong>. En un discurso pronunciado este jueves, el n\u00famero uno de la agrupaci\u00f3n asegur\u00f3 que Israel pretend\u00eda &#8220;deliberadamente&#8221; matar a miles de personas en cuesti\u00f3n de minutos.\u00a0 RT<\/p>\n","protected":false},"excerpt":{"rendered":"<p>Las Fuerzas de Defensa de Israel (FDI)\u00a0comunicaron\u00a0que las alarmas de misiles se activaron\u00a0en el norte de Israel. Las sirenas\u00a0se activaron en medio del aumento de tensiones entre Israel y Hezbol\u00e1, despu\u00e9s de las explosiones masivas de dispositivos electr\u00f3nicos en el L\u00edbano que ocurrieron durante los dos \u00faltimos d\u00edas. Aun no se sabe que provoc\u00f3 el [&hellip;]<\/p>\n","protected":false},"author":2,"featured_media":37950,"comment_status":"open","ping_status":"open","sticky":false,"template":"","format":"standard","meta":{"_bbp_topic_count":0,"_bbp_reply_count":0,"_bbp_total_topic_count":0,"_bbp_total_reply_count":0,"_bbp_voice_count":0,"_bbp_anonymous_reply_count":0,"_bbp_topic_count_hidden":0,"_bbp_reply_count_hidden":0,"_bbp_forum_subforum_count":0,"content-type":"","iawp_total_views":0,"footnotes":""},"categories":[109],"tags":[2570,3631],"class_list":{"0":"post-37948","1":"post","2":"type-post","3":"status-publish","4":"format-standard","5":"has-post-thumbnail","7":"category-internacionales","8":"tag-israel","9":"tag-sirenas"},"_links":{"self":[{"href":"https:\/\/influencias.do\/index.php\/wp-json\/wp\/v2\/posts\/37948","targetHints":{"allow":["GET"]}}],"collection":[{"href":"https:\/\/influencias.do\/index.php\/wp-json\/wp\/v2\/posts"}],"about":[{"href":"https:\/\/influencias.do\/index.php\/wp-json\/wp\/v2\/types\/post"}],"author":[{"embeddable":true,"href":"https:\/\/influencias.do\/index.php\/wp-json\/wp\/v2\/users\/2"}],"replies":[{"embeddable":true,"href":"https:\/\/influencias.do\/index.php\/wp-json\/wp\/v2\/comments?post=37948"}],"version-history":[{"count":0,"href":"https:\/\/influencias.do\/index.php\/wp-json\/wp\/v2\/posts\/37948\/revisions"}],"wp:featuredmedia":[{"embeddable":true,"href":"https:\/\/influencias.do\/index.php\/wp-json\/"}],"wp:attachment":[{"href":"https:\/\/influencias.do\/index.php\/wp-json\/wp\/v2\/media?parent=37948"}],"wp:term":[{"taxonomy":"category","embeddable":true,"href":"https:\/\/influencias.do\/index.php\/wp-json\/wp\/v2\/categories?post=37948"},{"taxonomy":"post_tag","embeddable":true,"href":"https:\/\/influencias.do\/index.php\/wp-json\/wp\/v2\/tags?post=37948"}],"curies":[{"name":"wp","href":"https:\/\/api.w.org\/{rel}","templated":true}]}}