{"id":37942,"date":"2024-09-19T10:45:55","date_gmt":"2024-09-19T14:45:55","guid":{"rendered":"https:\/\/influencias.do\/?p=37942"},"modified":"2024-09-19T10:45:55","modified_gmt":"2024-09-19T14:45:55","slug":"poder-ejecutivo-deposita-en-el-senado-proyecto-de-ley-que-modifica-la-ley-num-1-24-que-crea-la-dni","status":"publish","type":"post","link":"https:\/\/influencias.do\/index.php\/2024\/09\/19\/poder-ejecutivo-deposita-en-el-senado-proyecto-de-ley-que-modifica-la-ley-num-1-24-que-crea-la-dni\/","title":{"rendered":"Poder Ejecutivo deposita en el Senado proyecto de ley que modifica la Ley n\u00fam. 1-24, que crea la DNI"},"content":{"rendered":"<p>Santo Domingo.- El presidente Luis Abinader, por intermedio del consultor jur\u00eddico del Poder Ejecutivo, Antoliano Peralta, deposit\u00f3 este jueves ante el Senado de la Rep\u00fablica el proyecto de ley que modifica la Ley n\u00fam. 1-24, que crea la Direcci\u00f3n Nacional de Inteligencia (DNI) del 15 de enero de 2024, luego de que los integrantes de la mesa de trabajo conformada por representantes del Gobierno y sectores de la sociedad civil organizada llegaran a un consenso respecto de las modificaciones.<\/p>\n<p>El objeto de la iniciativa legislativa ahora propuesta es modificar las disposiciones contenidas en los art\u00edculos 1, 2, 9, 10, 11, 26 y 32 de la Ley n\u00fam. 1-24, con el prop\u00f3sito de lograr la mayor claridad y especificidad posible en cuanto a la sujeci\u00f3n constitucional de cada una de estas disposiciones de la citada ley.<\/p>\n<p>Cabe resaltar, dentro de los aspectos m\u00e1s relevantes que este proyecto busca modificar, la propuesta de fusi\u00f3n de los art\u00edculos 1 y 2 de la Ley n\u00fam. 1-24 para definir en el nuevo art\u00edculo 2 t\u00e9rminos clave como inteligencia, inteligencia estrat\u00e9gica, militar y delictiva, fuentes abiertas y fuentes cerradas, entre otros. Adem\u00e1s, se pretende modificar el numeral 16 del art\u00edculo 9 para asegurar la coordinaci\u00f3n entre la Direcci\u00f3n Nacional de Inteligencia (DNI) y el Instituto Dominicano de las Telecomunicaciones (INDOTEL) en la protecci\u00f3n de la privacidad de los usuarios.<\/p>\n<p>Tambi\u00e9n se propone una adecuaci\u00f3n al art\u00edculo 11 de la Ley n\u00fam. 1-24, con el fin de reforzar las garant\u00edas relativas a la obtenci\u00f3n del contenido de informaci\u00f3n de fuentes cerradas. En este sentido, la modificaci\u00f3n legal busca exigir la autorizaci\u00f3n de un juez para todo procedimiento que limite derechos constitucionales.<\/p>\n<p>De modo que el presente proyecto de ley recoge las principales inquietudes que exist\u00edan en torno a la Ley n\u00fam. 1-24, con la finalidad de que la regulaci\u00f3n del sistema de inteligencia nacional est\u00e9 lo m\u00e1s apegada posible a las disposiciones constitucionales.<\/p>\n","protected":false},"excerpt":{"rendered":"<p>Santo Domingo.- El presidente Luis Abinader, por intermedio del consultor jur\u00eddico del Poder Ejecutivo, Antoliano Peralta, deposit\u00f3 este jueves ante el Senado de la Rep\u00fablica el proyecto de ley que modifica la Ley n\u00fam. 1-24, que crea la Direcci\u00f3n Nacional de Inteligencia (DNI) del 15 de enero de 2024, luego de que los integrantes de [&hellip;]<\/p>\n","protected":false},"author":2,"featured_media":7867,"comment_status":"open","ping_status":"open","sticky":false,"template":"","format":"standard","meta":{"_bbp_topic_count":0,"_bbp_reply_count":0,"_bbp_total_topic_count":0,"_bbp_total_reply_count":0,"_bbp_voice_count":0,"_bbp_anonymous_reply_count":0,"_bbp_topic_count_hidden":0,"_bbp_reply_count_hidden":0,"_bbp_forum_subforum_count":0,"content-type":"","iawp_total_views":0,"footnotes":""},"categories":[112,105],"tags":[],"class_list":{"0":"post-37942","1":"post","2":"type-post","3":"status-publish","4":"format-standard","5":"has-post-thumbnail","7":"category-municipalidad","8":"category-nacionales"},"_links":{"self":[{"href":"https:\/\/influencias.do\/index.php\/wp-json\/wp\/v2\/posts\/37942","targetHints":{"allow":["GET"]}}],"collection":[{"href":"https:\/\/influencias.do\/index.php\/wp-json\/wp\/v2\/posts"}],"about":[{"href":"https:\/\/influencias.do\/index.php\/wp-json\/wp\/v2\/types\/post"}],"author":[{"embeddable":true,"href":"https:\/\/influencias.do\/index.php\/wp-json\/wp\/v2\/users\/2"}],"replies":[{"embeddable":true,"href":"https:\/\/influencias.do\/index.php\/wp-json\/wp\/v2\/comments?post=37942"}],"version-history":[{"count":0,"href":"https:\/\/influencias.do\/index.php\/wp-json\/wp\/v2\/posts\/37942\/revisions"}],"wp:featuredmedia":[{"embeddable":true,"href":"https:\/\/influencias.do\/index.php\/wp-json\/"}],"wp:attachment":[{"href":"https:\/\/influencias.do\/index.php\/wp-json\/wp\/v2\/media?parent=37942"}],"wp:term":[{"taxonomy":"category","embeddable":true,"href":"https:\/\/influencias.do\/index.php\/wp-json\/wp\/v2\/categories?post=37942"},{"taxonomy":"post_tag","embeddable":true,"href":"https:\/\/influencias.do\/index.php\/wp-json\/wp\/v2\/tags?post=37942"}],"curies":[{"name":"wp","href":"https:\/\/api.w.org\/{rel}","templated":true}]}}