{"id":37751,"date":"2024-09-16T09:00:04","date_gmt":"2024-09-16T13:00:04","guid":{"rendered":"https:\/\/influencias.do\/?p=37751"},"modified":"2024-09-16T09:00:04","modified_gmt":"2024-09-16T13:00:04","slug":"fundacion-ciencia-y-artecoordina-con-alcaldias-actividades-ayuden-al-desarrollo-provincias-bahoruco-e-independencia","status":"publish","type":"post","link":"https:\/\/influencias.do\/index.php\/2024\/09\/16\/fundacion-ciencia-y-artecoordina-con-alcaldias-actividades-ayuden-al-desarrollo-provincias-bahoruco-e-independencia\/","title":{"rendered":"Fundaci\u00f3n Ciencia y Artecoordina con alcald\u00edas actividades ayuden al desarrollo provincias Bahoruco e Independencia"},"content":{"rendered":"<p class=\"x_MsoNormal\"><b><span lang=\"ES-TRAD\">Neiba.-<\/span><\/b><span lang=\"ES-TRAD\">\u00a0 Los principales directivos de la Fundaci\u00f3n Ciencia y Arte (FCA) se reunieron con las autoridades alcaldes de las alcald\u00edas y direcciones de distritos municipales de las provincias Bahoruco e Independencia para coordinar actividades que ayuden al desarrollo de esa regi\u00f3n y que tienen que ver con el montaje de la 29 edici\u00f3n de la Feria Ecotur\u00edstica y de Producci\u00f3n a celebrarse en Neiba este a\u00f1o.<\/span><\/p>\n<p class=\"x_MsoNormal\"><span lang=\"ES-TRAD\">Los economistas Jacqueline Boin y embajador Jos\u00e9 Serulle Ramia, presidenta y presidente-fundador de la FCA, junto al licenciado Jos\u00e9 Antonio Torres, visitaron los ayuntamientos de los municipios y distritos municipales de esas demarcaciones, como Villa Jaragua, Los R\u00edos, Las Clavellinas, Postrer R\u00edo y otros.<\/span><\/p>\n<p class=\"x_MsoNormal\"><span lang=\"ES-TRAD\">Boin y Serulle Ramia dijeron que el objeto de estos encuentros es promover actividades del Fondo Especial de Desarrollo Agropecuario (FEDA) y de la FCA para los meses de octubre y noviembre, en especial el de la Ruta de Producci\u00f3n y la 29 edici\u00f3n de la Feria Ecotur\u00edstica y de Producci\u00f3n que se llevar\u00e1 a cabo en Neiba del 21 de noviembre al 1 de diciembre de este a\u00f1o.<\/span><\/p>\n<p class=\"x_MsoNormal\"><span lang=\"ES-TRAD\">\u201cEl evento cuenta con el concurso directo del ayuntamiento de Neiba y el Comit\u00e9 de Apoyo Local. Es bueno resaltar que Jamaica es el pa\u00eds invitado de honor a la feria\u201d, agregaron.<\/span><\/p>\n<p class=\"x_MsoNormal\"><span lang=\"ES-TRAD\">Se\u00f1alaron que otros invitados especiales son el municipio colombiano de Neiva, capital del departamento de Huila, de esa naci\u00f3n sudamericana, as\u00ed como\u00a0la C\u00e1mara de Comercio y Producci\u00f3n Colombo-Dominicana; las comunas haitianas de Tchiotte, Belladere y Cerca la Source.<\/span><\/p>\n<p class=\"x_MsoNormal\"><span lang=\"ES-TRAD\">Tambi\u00e9n los municipios dominicanos de Fantino, Villa Altagracia y Los Cacaos.<\/span><\/p>\n<p class=\"x_MsoNormal\"><span lang=\"ES-TRAD\">En la feria se mostrar\u00e1 todo el potencial ecotur\u00edstico y productivo de las provincias Bahoruco e Independencia, as\u00ed como la identidad cultural, incluyendo su gastronom\u00eda y la hospitalidad y laboriosidad de sus habitantes.<\/span><\/p>\n","protected":false},"excerpt":{"rendered":"<p>Neiba.-\u00a0 Los principales directivos de la Fundaci\u00f3n Ciencia y Arte (FCA) se reunieron con las autoridades alcaldes de las alcald\u00edas y direcciones de distritos municipales de las provincias Bahoruco e Independencia para coordinar actividades que ayuden al desarrollo de esa regi\u00f3n y que tienen que ver con el montaje de la 29 edici\u00f3n de la [&hellip;]<\/p>\n","protected":false},"author":2,"featured_media":37753,"comment_status":"open","ping_status":"open","sticky":false,"template":"","format":"standard","meta":{"_bbp_topic_count":0,"_bbp_reply_count":0,"_bbp_total_topic_count":0,"_bbp_total_reply_count":0,"_bbp_voice_count":0,"_bbp_anonymous_reply_count":0,"_bbp_topic_count_hidden":0,"_bbp_reply_count_hidden":0,"_bbp_forum_subforum_count":0,"content-type":"","iawp_total_views":0,"footnotes":""},"categories":[112],"tags":[3579,3580],"class_list":{"0":"post-37751","1":"post","2":"type-post","3":"status-publish","4":"format-standard","5":"has-post-thumbnail","7":"category-municipalidad","8":"tag-fundacion-ciencia-y-artecoordina","9":"tag-neiba"},"_links":{"self":[{"href":"https:\/\/influencias.do\/index.php\/wp-json\/wp\/v2\/posts\/37751","targetHints":{"allow":["GET"]}}],"collection":[{"href":"https:\/\/influencias.do\/index.php\/wp-json\/wp\/v2\/posts"}],"about":[{"href":"https:\/\/influencias.do\/index.php\/wp-json\/wp\/v2\/types\/post"}],"author":[{"embeddable":true,"href":"https:\/\/influencias.do\/index.php\/wp-json\/wp\/v2\/users\/2"}],"replies":[{"embeddable":true,"href":"https:\/\/influencias.do\/index.php\/wp-json\/wp\/v2\/comments?post=37751"}],"version-history":[{"count":0,"href":"https:\/\/influencias.do\/index.php\/wp-json\/wp\/v2\/posts\/37751\/revisions"}],"wp:featuredmedia":[{"embeddable":true,"href":"https:\/\/influencias.do\/index.php\/wp-json\/"}],"wp:attachment":[{"href":"https:\/\/influencias.do\/index.php\/wp-json\/wp\/v2\/media?parent=37751"}],"wp:term":[{"taxonomy":"category","embeddable":true,"href":"https:\/\/influencias.do\/index.php\/wp-json\/wp\/v2\/categories?post=37751"},{"taxonomy":"post_tag","embeddable":true,"href":"https:\/\/influencias.do\/index.php\/wp-json\/wp\/v2\/tags?post=37751"}],"curies":[{"name":"wp","href":"https:\/\/api.w.org\/{rel}","templated":true}]}}