{"id":37631,"date":"2024-09-13T09:18:14","date_gmt":"2024-09-13T13:18:14","guid":{"rendered":"https:\/\/influencias.do\/?p=37631"},"modified":"2024-09-13T09:18:14","modified_gmt":"2024-09-13T13:18:14","slug":"lanzan-una-muneca-barbie-inspirada-en-la-escritora-isabel-allende","status":"publish","type":"post","link":"https:\/\/influencias.do\/index.php\/2024\/09\/13\/lanzan-una-muneca-barbie-inspirada-en-la-escritora-isabel-allende\/","title":{"rendered":"Lanzan una mu\u00f1eca Barbie inspirada en la escritora Isabel Allende"},"content":{"rendered":"<p>La empresa estadounidense <strong>Mattel<\/strong>, dedicada a la fabricaci\u00f3n y distribuci\u00f3n de juguetes, present\u00f3 este lunes una mu\u00f1eca Barbie en honor a la\u00a0<strong>escritora chilena Isabel Allende<\/strong>.<\/p>\n<p>La mu\u00f1eca forma parte de la nueva colecci\u00f3n<strong>\u00a0&#8216;Mujeres Inspiradoras&#8217;<\/strong>\u00a0y, adem\u00e1s de imitar la apariencia de la reconocida autora de 82 a\u00f1os, busca que los ni\u00f1os del mundo conozcan su trabajo literario.<\/p>\n<p>&#8220;Celebro la iniciativa de la marca <strong>Barbie<\/strong> de inspirar a la pr\u00f3xima generaci\u00f3n\u00a0con las historias de personas no reconocidas&#8221;, expres\u00f3 la artista en un comunicado citado por la revista\u00a0People.<\/p>\n<p>La Barbie lleva un vestido rojo y tacones negros, y viene acompa\u00f1ada de Perla, la mascota de Allende junto con una versi\u00f3n en miniatura de su primera novela\u00a0y \u00e9xito internacional,\u00a0&#8216;La casa de los esp\u00edritus&#8217;, que escribi\u00f3 mientras viv\u00eda en el exilio tras el golpe militar en Chile.<\/p>\n<p>A partir de este viernes, la mu\u00f1eca Isabel Allende estar\u00e1 disponible en las tiendas en l\u00ednea de Mattel a un precio de preventa de\u00a035 d\u00f3lares.<\/p>\n","protected":false},"excerpt":{"rendered":"<p>La empresa estadounidense Mattel, dedicada a la fabricaci\u00f3n y distribuci\u00f3n de juguetes, present\u00f3 este lunes una mu\u00f1eca Barbie en honor a la\u00a0escritora chilena Isabel Allende. La mu\u00f1eca forma parte de la nueva colecci\u00f3n\u00a0&#8216;Mujeres Inspiradoras&#8217;\u00a0y, adem\u00e1s de imitar la apariencia de la reconocida autora de 82 a\u00f1os, busca que los ni\u00f1os del mundo conozcan su trabajo [&hellip;]<\/p>\n","protected":false},"author":2,"featured_media":37633,"comment_status":"open","ping_status":"open","sticky":false,"template":"","format":"standard","meta":{"_bbp_topic_count":0,"_bbp_reply_count":0,"_bbp_total_topic_count":0,"_bbp_total_reply_count":0,"_bbp_voice_count":0,"_bbp_anonymous_reply_count":0,"_bbp_topic_count_hidden":0,"_bbp_reply_count_hidden":0,"_bbp_forum_subforum_count":0,"content-type":"","iawp_total_views":0,"footnotes":""},"categories":[125],"tags":[3284,3554,3555],"class_list":{"0":"post-37631","1":"post","2":"type-post","3":"status-publish","4":"format-standard","5":"has-post-thumbnail","7":"category-arte-y-espectaculos","8":"tag-barbie","9":"tag-escritora-chilena-isabel-allende","10":"tag-mattel"},"_links":{"self":[{"href":"https:\/\/influencias.do\/index.php\/wp-json\/wp\/v2\/posts\/37631","targetHints":{"allow":["GET"]}}],"collection":[{"href":"https:\/\/influencias.do\/index.php\/wp-json\/wp\/v2\/posts"}],"about":[{"href":"https:\/\/influencias.do\/index.php\/wp-json\/wp\/v2\/types\/post"}],"author":[{"embeddable":true,"href":"https:\/\/influencias.do\/index.php\/wp-json\/wp\/v2\/users\/2"}],"replies":[{"embeddable":true,"href":"https:\/\/influencias.do\/index.php\/wp-json\/wp\/v2\/comments?post=37631"}],"version-history":[{"count":0,"href":"https:\/\/influencias.do\/index.php\/wp-json\/wp\/v2\/posts\/37631\/revisions"}],"wp:featuredmedia":[{"embeddable":true,"href":"https:\/\/influencias.do\/index.php\/wp-json\/"}],"wp:attachment":[{"href":"https:\/\/influencias.do\/index.php\/wp-json\/wp\/v2\/media?parent=37631"}],"wp:term":[{"taxonomy":"category","embeddable":true,"href":"https:\/\/influencias.do\/index.php\/wp-json\/wp\/v2\/categories?post=37631"},{"taxonomy":"post_tag","embeddable":true,"href":"https:\/\/influencias.do\/index.php\/wp-json\/wp\/v2\/tags?post=37631"}],"curies":[{"name":"wp","href":"https:\/\/api.w.org\/{rel}","templated":true}]}}