{"id":3667,"date":"2023-02-22T22:00:00","date_gmt":"2023-02-23T02:00:00","guid":{"rendered":"https:\/\/influencias.do\/?p=3667"},"modified":"2023-02-22T22:00:00","modified_gmt":"2023-02-23T02:00:00","slug":"mas-del-20-de-los-ninos-y-adolescentes-sufren-de-trastornos-alimentarios-en-el-mundo","status":"publish","type":"post","link":"https:\/\/influencias.do\/index.php\/2023\/02\/22\/mas-del-20-de-los-ninos-y-adolescentes-sufren-de-trastornos-alimentarios-en-el-mundo\/","title":{"rendered":"M\u00e1s del 20% de los ni\u00f1os y adolescentes sufren de trastornos alimentarios en el mundo"},"content":{"rendered":"\n<p>Un an\u00e1lisis de 32 estudios que incluyeron a 63.181 personas de 16 pa\u00edses hall\u00f3 que m\u00e1s del 22% de los ni\u00f1os y adolescentes de 7 a 18 a\u00f1os mostraban signos de<strong>\u00a0trastornos alimentarios.\u00a0<\/strong><\/p>\n\n\n\n<p>Investigadores de Espa\u00f1a y Ecuador encontraron, adem\u00e1s, que\u00a0<strong>las ni\u00f1as son m\u00e1s propensas a presentar estos s\u00edntomas que los ni\u00f1os<\/strong>.<\/p>\n\n\n\n<p>Seg\u00fan analizaron los autores del&nbsp;<a href=\"https:\/\/jamanetwork.com\/journals\/jamapediatrics\/fullarticle\/2801664?guestAccessKey=a38cfc7b-1823-446c-a623-8be829a285ce&amp;utm_source=For_The_Media&amp;utm_medium=referral&amp;utm_campaign=ftm_links&amp;utm_content=tfl&amp;utm_term=022023\" target=\"_blank\" rel=\"noreferrer noopener\">estudio<\/a>, estas altas cifras son preocupantes desde la perspectiva de la salud p\u00fablica y ponen de manifiesto la necesidad de implementar estrategias para la prevenci\u00f3n de los trastornos alimentarios.<\/p>\n\n\n\n<p>En opini\u00f3n de los expertos Jos\u00e9 Francisco L\u00f3pez-Gil, Ph.D., de la Universidad de Castilla-La Mancha en Cuenca, Espa\u00f1a, y H\u00e9ctor Guti\u00e9rrez-Espinoza, Ph.D., de la Universidad de las Am\u00e9ricas en Quito, Ecuador, autores del estudio, \u201clos signos no tenidos en cuenta de un desorden alimentario pueden transformarse en un trastorno alimentario, que se encuentra entre las<strong>\u00a0afecciones psiqui\u00e1tricas<\/strong>\u00a0m\u00e1s mortales de todas\u201d.<\/p>\n\n\n\n<p>Y tras resaltar que<strong>\u00a0\u201clos trastornos alimentarios m\u00e1s comunes son la bulimia y la anorexia\u201d<\/strong>, los investigadores ahondaron que ya en 2019 las cifras daban cuenta de que 14 millones de personas sufrieron trastornos alimentarios. \u201cY esto inclu\u00eda a casi 3 millones de ni\u00f1os y adolescentes\u201d, alertaron.<\/p>\n\n\n\n<p>Ahora, los recientes hallazgos reflejan un empeoramiento generalizado de la<strong>&nbsp;salud mental<\/strong>&nbsp;entre los j\u00f3venes durante la pandemia provocado -seg\u00fan los expertos- \u201cpor un mayor aislamiento y compromiso con las redes sociales\u201d.&nbsp;<a href=\"https:\/\/jamanetwork.com\/journals\/jamapediatrics\/fullarticle\/2801664?guestAccessKey=a38cfc7b-1823-446c-a623-8be829a285ce&amp;utm_source=For_The_Media&amp;utm_medium=referral&amp;utm_campaign=ftm_links&amp;utm_content=tfl&amp;utm_term=022023\" target=\"_blank\" rel=\"noreferrer noopener\">La investigaci\u00f3n publicada<\/a>&nbsp;esta semana en la revista especializada<em><strong>JAMA Pediatrics<\/strong><\/em>&nbsp;analiz\u00f3 las tendencias de alimentaci\u00f3n desordenada que hab\u00edan sido identificadas en estudios anteriores.<\/p>\n\n\n\n<p>\u201cLa etiolog\u00eda de los trastornos alimentarios es muy compleja y, al igual que otros trastornos psiqui\u00e1tricos como la depresi\u00f3n y la ansiedad, surge de la intersecci\u00f3n de muchos factores de riesgo -describieron los investigadores en el art\u00edculo-. Aunque la prevalencia var\u00eda seg\u00fan las poblaciones de estudio y las definiciones utilizadas, se reconoce que los trastornos alimentarios son comunes en adolescentes y a\u00fan m\u00e1s comunes en adultos j\u00f3venes\u201d, dijeron los investigadores en su estudio.<\/p>\n\n\n\n<p>Para el trabajo, los investigadores incorporaron estudios relacionados con los trastornos alimentarios que evaluaron a las personas mediante el cuestionario de cinco elementos Sick, Control, One, Fat, Food (SCOFF). La herramienta de detecci\u00f3n SCOFF fue el est\u00e1ndar para diagnosticar trastornos alimentarios desde 1999.<\/p>\n\n\n\n<p>Un recuento final de al menos dos respuestas afirmativas indicaba que era muy probable que la persona tuviera un trastorno alimentario.<\/p>\n\n\n\n<p>Los investigadores afirmaron que este es el primer metan\u00e1lisis de este tipo para determinar la proporci\u00f3n de trastornos alimentarios entre ni\u00f1os y adolescentes. Y postularon que esto podr\u00eda deberse en parte a la falta de informes entre los ni\u00f1os.<\/p>\n\n\n\n<p>Los autores del trabajo vieron que las personas que muestran patrones de trastornos alimentarios en su juventud son mucho m\u00e1s propensas a desarrollar un trastorno alimentario diagnosticable m\u00e1s adelante en la vida. Descubrieron que<strong>\u00a0el 30% de las ni\u00f1as y el 17% de los ni\u00f1os sufr\u00edan alg\u00fan tipo de trastorno alimentario<\/strong>.<\/p>\n\n\n\n<p>Y si bien los investigadores no lograron comprender la diferencia en la prevalencia entre sexos, los cient\u00edficos sociales y los m\u00e9dicos lo han atribuido, al menos en parte, a la insatisfacci\u00f3n corporal impulsada por inmensas presiones sociales para cumplir con una definici\u00f3n cierta y relativamente estrecha de belleza\u201d.<\/p>\n\n\n\n<p>Asimismo, observaron que \u201cla&nbsp;<strong>alimentaci\u00f3n desordenada<\/strong>&nbsp;en la ni\u00f1ez\/adolescencia puede predecir los resultados asociados con los trastornos alimentarios en la edad adulta temprana\u201d. \u201cPor esta raz\u00f3n, esta alta proporci\u00f3n encontrada es preocupante y exige una acci\u00f3n urgente para tratar de hacer frente a esta situaci\u00f3n\u201d, enfatizaron.<\/p>\n\n\n\n<p>Los investigadores tambi\u00e9n encontraron que los j\u00f3venes con un \u00edndice de masa corporal (IMC) inicial alto ten\u00edan una mayor proporci\u00f3n de trastornos alimentarios. En ese sentido, ampliaron: \u201cLos j\u00f3venes que tienen exceso de peso pueden seguir conductas alimentarias desordenadas mientras intentan perder peso corporal. Por lo tanto, se ha descrito que los j\u00f3venes con exceso de peso son la poblaci\u00f3n que parece experimentar s\u00edntomas de trastornos alimentarios con mayor frecuencia (por ejemplo, las dietas para perder peso sin supervisi\u00f3n pueden conducir al riesgo de trastornos alimentarios)\u201d.<\/p>\n\n\n\n<p><strong>Los trastornos alimentarios son trastornos psiqui\u00e1tricos<\/strong>&nbsp;caracterizados por conductas anormales de alimentaci\u00f3n o control de peso, que pueden conducir a problemas de salud graves. Estos trastornos incluyen la anorexia nerviosa, la bulimia nerviosa, el trastorno por atrac\u00f3n y el trastorno alimentario, no especificado de otra manera.<\/p>\n\n\n\n<p>Se definen seg\u00fan signos y s\u00edntomas individuales y con grados de gravedad detallados en el<strong>&nbsp;Manual Diagn\u00f3stico y Estad\u00edstico de los Trastornos Mentales<\/strong>&nbsp;(DSM-5, quinta edici\u00f3n), as\u00ed como en la Clasificaci\u00f3n Internacional de Enfermedades de la Organizaci\u00f3n Mundial de la Salud (OMS). De igual forma, se reconocen dentro de los trastornos mentales incluidos en el Global Burden of Diseases, Injuries, and Risk Factors Study 2019 y actualmente son un problema de salud p\u00fablica en la mayor\u00eda de los pa\u00edses de ingresos medios y altos debido a que su prevalencia en j\u00f3venes aument\u00f3 notablemente durante los \u00faltimos 50 a\u00f1os.<\/p>\n\n\n\n<p>Adem\u00e1s, los trastornos alimentarios se encuentran entre las condiciones de salud mental que m\u00e1s amenazan la vida y representaron 17.361,5 a\u00f1os de vida perdidos entre 1990 y 2019, seg\u00fan analizaron los investigadores.<\/p>\n\n\n\n<p>Fuente: Infobae<\/p>\n","protected":false},"excerpt":{"rendered":"<p>Un an\u00e1lisis de 32 estudios que incluyeron a 63.181 personas de 16 pa\u00edses hall\u00f3 que m\u00e1s del 22% de los ni\u00f1os y adolescentes de 7 a 18 a\u00f1os mostraban signos de\u00a0trastornos alimentarios.\u00a0 Investigadores de Espa\u00f1a y Ecuador encontraron, adem\u00e1s, que\u00a0las ni\u00f1as son m\u00e1s propensas a presentar estos s\u00edntomas que los ni\u00f1os. Seg\u00fan analizaron los autores [&hellip;]<\/p>\n","protected":false},"author":2,"featured_media":3671,"comment_status":"open","ping_status":"open","sticky":false,"template":"","format":"standard","meta":{"_bbp_topic_count":0,"_bbp_reply_count":0,"_bbp_total_topic_count":0,"_bbp_total_reply_count":0,"_bbp_voice_count":0,"_bbp_anonymous_reply_count":0,"_bbp_topic_count_hidden":0,"_bbp_reply_count_hidden":0,"_bbp_forum_subforum_count":0,"content-type":"","iawp_total_views":0,"footnotes":""},"categories":[112],"tags":[927,907,1858],"class_list":{"0":"post-3667","1":"post","2":"type-post","3":"status-publish","4":"format-standard","5":"has-post-thumbnail","7":"category-municipalidad","8":"tag-adolescentes","9":"tag-ninos","10":"tag-trastornos-alimenticios"},"_links":{"self":[{"href":"https:\/\/influencias.do\/index.php\/wp-json\/wp\/v2\/posts\/3667","targetHints":{"allow":["GET"]}}],"collection":[{"href":"https:\/\/influencias.do\/index.php\/wp-json\/wp\/v2\/posts"}],"about":[{"href":"https:\/\/influencias.do\/index.php\/wp-json\/wp\/v2\/types\/post"}],"author":[{"embeddable":true,"href":"https:\/\/influencias.do\/index.php\/wp-json\/wp\/v2\/users\/2"}],"replies":[{"embeddable":true,"href":"https:\/\/influencias.do\/index.php\/wp-json\/wp\/v2\/comments?post=3667"}],"version-history":[{"count":0,"href":"https:\/\/influencias.do\/index.php\/wp-json\/wp\/v2\/posts\/3667\/revisions"}],"wp:featuredmedia":[{"embeddable":true,"href":"https:\/\/influencias.do\/index.php\/wp-json\/"}],"wp:attachment":[{"href":"https:\/\/influencias.do\/index.php\/wp-json\/wp\/v2\/media?parent=3667"}],"wp:term":[{"taxonomy":"category","embeddable":true,"href":"https:\/\/influencias.do\/index.php\/wp-json\/wp\/v2\/categories?post=3667"},{"taxonomy":"post_tag","embeddable":true,"href":"https:\/\/influencias.do\/index.php\/wp-json\/wp\/v2\/tags?post=3667"}],"curies":[{"name":"wp","href":"https:\/\/api.w.org\/{rel}","templated":true}]}}