{"id":35421,"date":"2024-07-26T12:13:27","date_gmt":"2024-07-26T16:13:27","guid":{"rendered":"https:\/\/influencias.do\/?p=35421"},"modified":"2024-07-26T12:13:27","modified_gmt":"2024-07-26T16:13:27","slug":"francia-sufre-una-operacion-de-sabotaje-en-su-red-de-alta-velocidad-a-pocas-horas-del-inicio-de-los-juegos-olimpicos","status":"publish","type":"post","link":"https:\/\/influencias.do\/index.php\/2024\/07\/26\/francia-sufre-una-operacion-de-sabotaje-en-su-red-de-alta-velocidad-a-pocas-horas-del-inicio-de-los-juegos-olimpicos\/","title":{"rendered":"Francia sufre una operaci\u00f3n de sabotaje en su red de alta velocidad a pocas horas del inicio de los Juegos Ol\u00edmpicos"},"content":{"rendered":"<p>La Justicia y los servicios secretos est\u00e1n investigando el sabotaje sufrido este viernes en tres de los cuatro grandes ejes de la alta velocidad ferroviaria en Francia a pocas horas de la inauguraci\u00f3n de los Juegos Ol\u00edmpicos de Par\u00eds, que han provocado ya anulaciones masivas y retrasos de trenes.<\/p>\n<p>La Fiscal\u00eda de Par\u00eds ha indicado en un comunicado que va a centralizar las investigaciones por los ataques denunciados por la compa\u00f1\u00eda ferroviaria estatal SNCF en instalaciones de se\u00f1alizaci\u00f3n de la red de trenes de alta velocidad (TGV).<\/p>\n<p>Esa investigaci\u00f3n judicial se ha abierto por los delitos de deterioro de bienes que afecta a los intereses fundamentales de la naci\u00f3n, degradaciones y tentativas de degradaciones por un medio peligroso en banda organizada, ataques a un sistema de tratamiento automatizado de datos en banda organizada y asociaci\u00f3n de malhechores.<\/p>\n<p>Esos delitos est\u00e1n castigados con penas de entre 10 y 20 a\u00f1os de c\u00e1rcel y con multas de entre 150.000 y 300.000 euros.<\/p>\n<p>El primer ministro en funciones, Gabriel Attal, ha denunciado en un mensaje colgado en su cuenta de X lo que ha calificado como \u201cactos de sabotaje\u201d que se han desarrollado \u201cde forma preparada y coordinada\u201d y que est\u00e1 teniendo consecuencias \u201cmasivas y graves\u201d en la red ferroviaria.<\/p>\n<p>Attal ha anunciado que los servicios secretos y las fuerzas del orden \u201cest\u00e1n movilizados para encontrar y castigar a los autores de esos actos criminales\u201d.<\/p>\n<h2 id=\"h-varias-pistas\" class=\"wp-block-heading\">Varias pistas<\/h2>\n<p>Algunos medios que han citado fuentes de la investigaci\u00f3n han se\u00f1alado que se barajan varias pistas y que una de ellas por el modo de acci\u00f3n es que todo pueda haber sido obra de grupos de ultraizquierda. La hip\u00f3tesis de una injerencia extranjera parece inicialmente menos veros\u00edmil.<\/p>\n<p>Los ataques se produjeron la pasada noche y consistieron en el incendio de tres instalaciones de se\u00f1alizaci\u00f3n de las l\u00edneas de TGV que se dirigen desde Par\u00eds hacia el norte, hacia el este y hacia el Atl\u00e1ntico.<\/p>\n<p>Tambi\u00e9n se produjo una tentativa en el cuarto eje franc\u00e9s de TGV, el que se dirige hacia el sureste (hacia Lyon, Marsella y Barcelona).<\/p>\n<figure class=\"wp-block-image alignwide size-full\"><img loading=\"lazy\" loading=\"lazy\" decoding=\"async\" class=\"wp-image-1246188 lazyautosizes lazyloaded\" src=\"https:\/\/i0.wp.com\/efe.com\/wp-content\/uploads\/2024\/07\/francia-trenes-1.jpg?resize=900%2C600&amp;ssl=1\" sizes=\"auto, 940px\" srcset=\"https:\/\/i0.wp.com\/efe.com\/wp-content\/uploads\/2024\/07\/francia-trenes-1.jpg?w=900&amp;ssl=1 900w, https:\/\/i0.wp.com\/efe.com\/wp-content\/uploads\/2024\/07\/francia-trenes-1.jpg?resize=300%2C200&amp;ssl=1 300w, https:\/\/i0.wp.com\/efe.com\/wp-content\/uploads\/2024\/07\/francia-trenes-1.jpg?resize=768%2C512&amp;ssl=1 768w, https:\/\/i0.wp.com\/efe.com\/wp-content\/uploads\/2024\/07\/francia-trenes-1.jpg?resize=430%2C286&amp;ssl=1 430w\" alt=\"Soldados franceses a las puertas de una estaci\u00f3n de tren de Par\u00eds. \" width=\"900\" height=\"600\" data-recalc-dims=\"1\" data-src=\"https:\/\/i0.wp.com\/efe.com\/wp-content\/uploads\/2024\/07\/francia-trenes-1.jpg?resize=900%2C600&amp;ssl=1\" data-srcset=\"https:\/\/i0.wp.com\/efe.com\/wp-content\/uploads\/2024\/07\/francia-trenes-1.jpg?w=900&amp;ssl=1 900w, https:\/\/i0.wp.com\/efe.com\/wp-content\/uploads\/2024\/07\/francia-trenes-1.jpg?resize=300%2C200&amp;ssl=1 300w, https:\/\/i0.wp.com\/efe.com\/wp-content\/uploads\/2024\/07\/francia-trenes-1.jpg?resize=768%2C512&amp;ssl=1 768w, https:\/\/i0.wp.com\/efe.com\/wp-content\/uploads\/2024\/07\/francia-trenes-1.jpg?resize=430%2C286&amp;ssl=1 430w\" data-sizes=\"auto\" data-eio-rwidth=\"900\" data-eio-rheight=\"600\" \/><figcaption class=\"wp-element-caption\">Soldados franceses a las puertas de una estaci\u00f3n de tren de Par\u00eds. EFE\/EPA\/Ritchie B. Tongo<\/figcaption><\/figure>\n<p>Pero en este \u00faltimo caso, la tentativa fue desbaratada cuando unos empleados de la Sociedad Nacional de Ferrocarriles (SNCF) sorprendieron a un grupo de individuos que trataba de incendiar unas instalaciones y que huyeron en una camioneta.<\/p>\n<p>La SNCF ha se\u00f1alado en un comunicado que est\u00e1n desviando algunos TGV por la l\u00ednea de trenes convencionales, pero que aun as\u00ed va a tener que suprimir \u201cun gran n\u00famero\u201d.<\/p>\n<p>Seg\u00fan sus informaciones, los TGV de los ejes Norte y Este circulaban a media ma\u00f1ana con retrasos de entre una hora y media y dos horas por esos desv\u00edos.<\/p>\n<figure class=\"wp-block-embed is-type-rich is-provider-twitter wp-block-embed-twitter\">\n<div class=\"wp-block-embed__wrapper\">\n<div class=\"twitter-tweet twitter-tweet-rendered\"><iframe id=\"twitter-widget-0\" class=\"\" title=\"X Post\" src=\"https:\/\/platform.twitter.com\/embed\/Tweet.html?dnt=true&amp;embedId=twitter-widget-0&amp;features=eyJ0ZndfdGltZWxpbmVfbGlzdCI6eyJidWNrZXQiOltdLCJ2ZXJzaW9uIjpudWxsfSwidGZ3X2ZvbGxvd2VyX2NvdW50X3N1bnNldCI6eyJidWNrZXQiOnRydWUsInZlcnNpb24iOm51bGx9LCJ0ZndfdHdlZXRfZWRpdF9iYWNrZW5kIjp7ImJ1Y2tldCI6Im9uIiwidmVyc2lvbiI6bnVsbH0sInRmd19yZWZzcmNfc2Vzc2lvbiI6eyJidWNrZXQiOiJvbiIsInZlcnNpb24iOm51bGx9LCJ0ZndfZm9zbnJfc29mdF9pbnRlcnZlbnRpb25zX2VuYWJsZWQiOnsiYnVja2V0Ijoib24iLCJ2ZXJzaW9uIjpudWxsfSwidGZ3X21peGVkX21lZGlhXzE1ODk3Ijp7ImJ1Y2tldCI6InRyZWF0bWVudCIsInZlcnNpb24iOm51bGx9LCJ0ZndfZXhwZXJpbWVudHNfY29va2llX2V4cGlyYXRpb24iOnsiYnVja2V0IjoxMjA5NjAwLCJ2ZXJzaW9uIjpudWxsfSwidGZ3X3Nob3dfYmlyZHdhdGNoX3Bpdm90c19lbmFibGVkIjp7ImJ1Y2tldCI6Im9uIiwidmVyc2lvbiI6bnVsbH0sInRmd19kdXBsaWNhdGVfc2NyaWJlc190b19zZXR0aW5ncyI6eyJidWNrZXQiOiJvbiIsInZlcnNpb24iOm51bGx9LCJ0ZndfdXNlX3Byb2ZpbGVfaW1hZ2Vfc2hhcGVfZW5hYmxlZCI6eyJidWNrZXQiOiJvbiIsInZlcnNpb24iOm51bGx9LCJ0ZndfdmlkZW9faGxzX2R5bmFtaWNfbWFuaWZlc3RzXzE1MDgyIjp7ImJ1Y2tldCI6InRydWVfYml0cmF0ZSIsInZlcnNpb24iOm51bGx9LCJ0ZndfbGVnYWN5X3RpbWVsaW5lX3N1bnNldCI6eyJidWNrZXQiOnRydWUsInZlcnNpb24iOm51bGx9LCJ0ZndfdHdlZXRfZWRpdF9mcm9udGVuZCI6eyJidWNrZXQiOiJvbiIsInZlcnNpb24iOm51bGx9fQ%3D%3D&amp;frame=false&amp;hideCard=false&amp;hideThread=false&amp;id=1816714112933724617&amp;lang=es&amp;origin=https%3A%2F%2Fefe.com%2Feconomia%2F2024-07-26%2Fataque-red-alta-velocidad-francia%2F&amp;sessionId=1a61dcc4a9c9ba3360cd4c46b261823547690cf4&amp;siteScreenName=efenoticias&amp;theme=light&amp;widgetsVersion=2615f7e52b7e0%3A1702314776716&amp;width=550px\" frameborder=\"0\" scrolling=\"no\" allowfullscreen=\"allowfullscreen\" data-tweet-id=\"1816714112933724617\" data-mce-fragment=\"1\"><\/iframe><\/div>\n<\/div>\n<\/figure>\n<p>Hay que tener en cuenta que por el eje Norte circulan los trenes Eurostar que comunican Par\u00eds con Londres, Bruselas y Pa\u00edses Bajos, y el norte de Alemania, y que muchos de ellos han tenido que ser anulados.<\/p>\n<p>En cuanto a los del eje del Atl\u00e1ntico (los que se dirigen a Breta\u00f1a y a toda la costa atl\u00e1ntica, incluido el Pa\u00eds Vasco franc\u00e9s), la compa\u00f1\u00eda ha advertido de que no van a poder a circular al menos hasta primera hora de la tarde.<\/p>\n<p>Los que s\u00ed que funcionan con normalidad son los TGV del eje Sureste, en direcci\u00f3n de Lyon, Marsella o Barcelona, as\u00ed como los cercan\u00edas de Par\u00eds y los regionales.<\/p>\n<figure class=\"wp-block-image alignwide size-full\"><img loading=\"lazy\" loading=\"lazy\" decoding=\"async\" class=\"wp-image-1246179 lazyautosizes lazyloaded\" src=\"https:\/\/i0.wp.com\/efe.com\/wp-content\/uploads\/2024\/07\/francia-trenes.jpg?resize=900%2C600&amp;ssl=1\" sizes=\"auto, 940px\" srcset=\"https:\/\/i0.wp.com\/efe.com\/wp-content\/uploads\/2024\/07\/francia-trenes.jpg?w=900&amp;ssl=1 900w, https:\/\/i0.wp.com\/efe.com\/wp-content\/uploads\/2024\/07\/francia-trenes.jpg?resize=300%2C200&amp;ssl=1 300w, https:\/\/i0.wp.com\/efe.com\/wp-content\/uploads\/2024\/07\/francia-trenes.jpg?resize=768%2C512&amp;ssl=1 768w, https:\/\/i0.wp.com\/efe.com\/wp-content\/uploads\/2024\/07\/francia-trenes.jpg?resize=430%2C286&amp;ssl=1 430w\" alt=\"Pasajeros en los andenes en una estaci\u00f3n de Par\u00eds.\" width=\"900\" height=\"600\" data-recalc-dims=\"1\" data-src=\"https:\/\/i0.wp.com\/efe.com\/wp-content\/uploads\/2024\/07\/francia-trenes.jpg?resize=900%2C600&amp;ssl=1\" data-srcset=\"https:\/\/i0.wp.com\/efe.com\/wp-content\/uploads\/2024\/07\/francia-trenes.jpg?w=900&amp;ssl=1 900w, https:\/\/i0.wp.com\/efe.com\/wp-content\/uploads\/2024\/07\/francia-trenes.jpg?resize=300%2C200&amp;ssl=1 300w, https:\/\/i0.wp.com\/efe.com\/wp-content\/uploads\/2024\/07\/francia-trenes.jpg?resize=768%2C512&amp;ssl=1 768w, https:\/\/i0.wp.com\/efe.com\/wp-content\/uploads\/2024\/07\/francia-trenes.jpg?resize=430%2C286&amp;ssl=1 430w\" data-sizes=\"auto\" data-eio-rwidth=\"900\" data-eio-rheight=\"600\" \/><figcaption class=\"wp-element-caption\">Pasajeros en los andenes en una estaci\u00f3n de Par\u00eds. EFE\/EPA\/Ritchie B. Tongo<\/figcaption><\/figure>\n<p>En cualquier caso, la SNCF calcula que 250.000 viajeros ya se han visto afectados por los incidentes, y como los problemas se pueden prolongar durante todo el fin de semana, la cifra podr\u00eda subir hasta 800.000 hasta el domingo.<\/p>\n<p>Hay que tener en cuenta que, m\u00e1s all\u00e1 de la excepcionalidad de esta jornada por la ceremonia inaugural de los Juegos Ol\u00edmpicos, \u00e9ste es uno de los fines de semana m\u00e1s cargados en Francia por los viajes de las vacaciones de verano.<\/p>\n<p>La SNCF ha pedido a los viajeros que no acudan a las estaciones a menos que reciban un SMS que les avise de que su tren va a circular y les ha dicho que recibir\u00e1n reembolso por los viajes anulados.<\/p>\n<h2 id=\"h-eurostar-cancela-algunos-trenes-desde-hoy-hasta-el-domingo\" class=\"wp-block-heading\">Eurostar cancela algunos trenes desde hoy hasta el domingo<\/h2>\n<p>Eurostar ha cancelado uno de cada cuatro de sus trenes (el 25 %) desde este viernes hasta el domingo, y prev\u00e9 que la normalidad no regrese hasta el lunes por la ma\u00f1ana, seg\u00fan dijo la compa\u00f1\u00eda en un comunicado remitido a EFE.<\/p>\n<p>Previamente la compa\u00f1\u00eda que opera el tr\u00e1fico ferroviario entre el Reino Unido y Europa continental hab\u00eda explicado que sus trenes de alta velocidad entre Par\u00eds y Lille han sido desviados por v\u00edas convencionales que retardan el trayecto hasta en hora y media, debido a los actos de sabotaje en Francia a pocas horas de la inauguraci\u00f3n de los Juegos Ol\u00edmpicos.<\/p>\n<p>\u201cEurostar espera que esta situaci\u00f3n dure hasta la ma\u00f1ana del lunes. Hoy, Eurostar cancelar\u00e1 el 25 % de sus trenes. Ese ser\u00e1 el caso tambi\u00e9n el s\u00e1bado 27 y el domingo 28\u201d, se\u00f1ala el comunicado actualizado.<\/p>\n<h2 id=\"h-evacuan-aeropuerto-de-basilea-mulhouse-por-alerta-de-bomba\" class=\"wp-block-heading\">Evacuan aeropuerto de Basilea-Mulhouse por alerta de bomba<\/h2>\n<p>El aeropuerto de Basilea-Mulhouse que comparten esas dos ciudades a uno y otro lado de la frontera entre Suiza y Francia fue evacuado esta ma\u00f1ana durante un par de horas por una alerta de bomba en una jornada marcada por incidentes en la red ferroviaria francesa por sabotajes.<\/p>\n<p>En su cuenta de X, el aeropuerto hab\u00eda informado a media ma\u00f1ana de que la evacuaci\u00f3n de su terminal se hab\u00eda producido \u201cpor razones de seguridad\u201d.<\/p>\n<p>Eso ha supuesto la suspensi\u00f3n temporal de las operaciones. La empresa concesionaria ha pedido a los pasajeros que contacten con sus compa\u00f1\u00edas a\u00e9reas.<\/p>\n<figure class=\"wp-block-image size-full is-resized\"><img loading=\"lazy\" loading=\"lazy\" decoding=\"async\" class=\"wp-image-1246958 lazyautosizes lazyloaded\" src=\"https:\/\/i0.wp.com\/efe.com\/wp-content\/uploads\/2024\/07\/PARIS-2024-TRANSPORTES.jpg?resize=900%2C571&amp;ssl=1\" sizes=\"auto, 940px\" srcset=\"https:\/\/i0.wp.com\/efe.com\/wp-content\/uploads\/2024\/07\/PARIS-2024-TRANSPORTES.jpg?w=900&amp;ssl=1 900w, https:\/\/i0.wp.com\/efe.com\/wp-content\/uploads\/2024\/07\/PARIS-2024-TRANSPORTES.jpg?resize=300%2C190&amp;ssl=1 300w, https:\/\/i0.wp.com\/efe.com\/wp-content\/uploads\/2024\/07\/PARIS-2024-TRANSPORTES.jpg?resize=768%2C487&amp;ssl=1 768w, https:\/\/i0.wp.com\/efe.com\/wp-content\/uploads\/2024\/07\/PARIS-2024-TRANSPORTES.jpg?resize=430%2C273&amp;ssl=1 430w\" alt=\"\" width=\"900\" height=\"571\" data-recalc-dims=\"1\" data-src=\"https:\/\/i0.wp.com\/efe.com\/wp-content\/uploads\/2024\/07\/PARIS-2024-TRANSPORTES.jpg?resize=900%2C571&amp;ssl=1\" data-srcset=\"https:\/\/i0.wp.com\/efe.com\/wp-content\/uploads\/2024\/07\/PARIS-2024-TRANSPORTES.jpg?w=900&amp;ssl=1 900w, https:\/\/i0.wp.com\/efe.com\/wp-content\/uploads\/2024\/07\/PARIS-2024-TRANSPORTES.jpg?resize=300%2C190&amp;ssl=1 300w, https:\/\/i0.wp.com\/efe.com\/wp-content\/uploads\/2024\/07\/PARIS-2024-TRANSPORTES.jpg?resize=768%2C487&amp;ssl=1 768w, https:\/\/i0.wp.com\/efe.com\/wp-content\/uploads\/2024\/07\/PARIS-2024-TRANSPORTES.jpg?resize=430%2C273&amp;ssl=1 430w\" data-sizes=\"auto\" data-eio-rwidth=\"900\" data-eio-rheight=\"571\" \/><figcaption class=\"wp-element-caption\">Pasajeros hacen cola en la terminal de tren de Eurstar en la estacion Internacional de Pancras en Londres. EFE\/EPA\/ANDY RAIN<\/figcaption><\/figure>\n<h2 id=\"h-iran-rechaza-acusaciones-israelies-de-participacion\" class=\"wp-block-heading\">Ir\u00e1n rechaza acusaciones israel\u00edes de participaci\u00f3n<\/h2>\n<p>Ir\u00e1n neg\u00f3 este viernes las acusaciones israel\u00edes de que ha participado en el sabotaje de las l\u00edneas ferroviarias en Francia o que planea atentados contra la delegaci\u00f3n israel\u00ed en los Juegos Ol\u00edmpicos de Par\u00eds, unas alegaciones que calific\u00f3 de \u201crid\u00edculas\u201d y un intento de desviar la atenci\u00f3n del genocidio que comete el pa\u00eds jud\u00edo en Gaza.<\/p>\n<p>\u201cLas acusaciones y el odio difundido por el ministro del r\u00e9gimen asesino de ni\u00f1os de Israel contra la Rep\u00fablica Isl\u00e1mica de Ir\u00e1n en relaci\u00f3n con los Juegos Ol\u00edmpicos de Par\u00eds 2024 son un intento desesperado de desviar la opini\u00f3n p\u00fablica mundial del genocidio en Gaza\u201d, dijo en X el portavoz del Ministerio de Exteriores iran\u00ed, Naser Kanan\u00ed.<\/p>\n<p>Kanan\u00ed afirm\u00f3 que las acusaciones del \u201cr\u00e9gimen\u201d israel\u00ed son \u201cm\u00e1s rid\u00edculas que cre\u00edbles\u201d y van en contra de la Carta Ol\u00edmpica basada en la paz y la amistad. EFE<\/p>\n","protected":false},"excerpt":{"rendered":"<p>La Justicia y los servicios secretos est\u00e1n investigando el sabotaje sufrido este viernes en tres de los cuatro grandes ejes de la alta velocidad ferroviaria en Francia a pocas horas de la inauguraci\u00f3n de los Juegos Ol\u00edmpicos de Par\u00eds, que han provocado ya anulaciones masivas y retrasos de trenes. La Fiscal\u00eda de Par\u00eds ha indicado [&hellip;]<\/p>\n","protected":false},"author":2,"featured_media":35423,"comment_status":"open","ping_status":"open","sticky":false,"template":"","format":"standard","meta":{"_bbp_topic_count":0,"_bbp_reply_count":0,"_bbp_total_topic_count":0,"_bbp_total_reply_count":0,"_bbp_voice_count":0,"_bbp_anonymous_reply_count":0,"_bbp_topic_count_hidden":0,"_bbp_reply_count_hidden":0,"_bbp_forum_subforum_count":0,"content-type":"","iawp_total_views":0,"footnotes":""},"categories":[123],"tags":[1459,1349,2597,773,3308],"class_list":{"0":"post-35421","1":"post","2":"type-post","3":"status-publish","4":"format-standard","5":"has-post-thumbnail","7":"category-deportes","8":"tag-aeropuerto","9":"tag-francia","10":"tag-juegos-olimpicos","11":"tag-red","12":"tag-sabotaje"},"_links":{"self":[{"href":"https:\/\/influencias.do\/index.php\/wp-json\/wp\/v2\/posts\/35421","targetHints":{"allow":["GET"]}}],"collection":[{"href":"https:\/\/influencias.do\/index.php\/wp-json\/wp\/v2\/posts"}],"about":[{"href":"https:\/\/influencias.do\/index.php\/wp-json\/wp\/v2\/types\/post"}],"author":[{"embeddable":true,"href":"https:\/\/influencias.do\/index.php\/wp-json\/wp\/v2\/users\/2"}],"replies":[{"embeddable":true,"href":"https:\/\/influencias.do\/index.php\/wp-json\/wp\/v2\/comments?post=35421"}],"version-history":[{"count":0,"href":"https:\/\/influencias.do\/index.php\/wp-json\/wp\/v2\/posts\/35421\/revisions"}],"wp:featuredmedia":[{"embeddable":true,"href":"https:\/\/influencias.do\/index.php\/wp-json\/"}],"wp:attachment":[{"href":"https:\/\/influencias.do\/index.php\/wp-json\/wp\/v2\/media?parent=35421"}],"wp:term":[{"taxonomy":"category","embeddable":true,"href":"https:\/\/influencias.do\/index.php\/wp-json\/wp\/v2\/categories?post=35421"},{"taxonomy":"post_tag","embeddable":true,"href":"https:\/\/influencias.do\/index.php\/wp-json\/wp\/v2\/tags?post=35421"}],"curies":[{"name":"wp","href":"https:\/\/api.w.org\/{rel}","templated":true}]}}