{"id":33731,"date":"2024-06-13T08:21:34","date_gmt":"2024-06-13T12:21:34","guid":{"rendered":"https:\/\/influencias.do\/?p=33731"},"modified":"2024-06-13T08:21:34","modified_gmt":"2024-06-13T12:21:34","slug":"abinader-recibe-a-thais-herrera-en-el-palacio-nacional-primera-dominicana-en-escalar-la-cima-del-monte-everest","status":"publish","type":"post","link":"https:\/\/influencias.do\/index.php\/2024\/06\/13\/abinader-recibe-a-thais-herrera-en-el-palacio-nacional-primera-dominicana-en-escalar-la-cima-del-monte-everest\/","title":{"rendered":"Abinader recibe a Thais Herrera en el Palacio Nacional, primera dominicana en escalar la cima del Monte Everest"},"content":{"rendered":"<p>Santo Domingo. \u2013 El presidente Luis Abinader recibi\u00f3 este mi\u00e9rcoles en el Palacio Nacional a la alpinista Thais Herrera, primera mujer dominicana en escalar la cima del Monte Everest.<\/p>\n<p>El jefe de Estado estuvo acompa\u00f1ado de la vicepresidenta de la Rep\u00fablica, Raquel Pe\u00f1a y de la primera dama, Raquel Arbaje.<\/p>\n<p>El mandatario a trav\u00e9s de su cuenta de Instagram @luisabinader felicit\u00f3 Herrera donde les expres\u00f3 \u201cFelicidades Thais Herrera (@thaisherrera ) por conquistar la cima del Monte Everest y hacer historia, \u00a1como la primera mujer dominicana en lograrlo! Tu valent\u00eda y determinaci\u00f3n te han convertido en un #OrgulloDominicano\u201d, dijo.<\/p>\n<p>Herrera sali\u00f3 el 16 de mayo a las 11pm hora de Nepal, rumbo a la cumbre del Everest y lleg\u00f3 al pico m\u00e1s alto del mundo el mi\u00e9rcoles 22 de mayo, el cual cuenta con 8.849 metros (29.032 pies de altura).<\/p>\n<p>El ascenso final, que comenz\u00f3 desde el campamento base a 5,364 metros, involucr\u00f3 varios campamentos intermedios donde Herrera y su equipo hicieron paradas estrat\u00e9gicas para aclimatarse y reponer fuerzas.<\/p>\n<p>La aventurera cont\u00f3 con un equipo compuesto por el monta\u00f1ista y gu\u00eda ecuatoriano Paul Guerra y los experimentados Rinji y Tashi Sherpa.<\/p>\n<p>Dentro de los retos que tuvo que pasar la dominicana, estaban pasar la cascada del Khumbu, donde deb\u00edan atravesar grietas con escaleras, escalar paredes de hielo, entre otros. Otro reto que ten\u00edan en el panorama era pasar por un d\u00eda de cumbre en el que se estimaban temperaturas de unos -35C por 14 a 18 horas.<\/p>\n<p>Sobre Thais Herrera<\/p>\n<p>Adem\u00e1s de sus logros deportivos, Thais es una figura destacada en el mundo empresarial y acad\u00e9mico. Herrera es ingeniera industrial y directora general de Asertiva Outoor Education adem\u00e1s de una gran protagonista en la escena de los deportes extremos y tambi\u00e9n es docente en Barna Management School.<\/p>\n<p>La alpinista no solo es reconocida por su haza\u00f1a en el monte Everest, sino tambi\u00e9n por ser la primera mujer dominicana en completar el triatl\u00f3n m\u00e1s exigente, un Ironman Full, evento del cual ha completado 6 hasta el momento, lo cual incluye nataci\u00f3n, ciclismo y atletismo.<\/p>\n","protected":false},"excerpt":{"rendered":"<p>Santo Domingo. \u2013 El presidente Luis Abinader recibi\u00f3 este mi\u00e9rcoles en el Palacio Nacional a la alpinista Thais Herrera, primera mujer dominicana en escalar la cima del Monte Everest. El jefe de Estado estuvo acompa\u00f1ado de la vicepresidenta de la Rep\u00fablica, Raquel Pe\u00f1a y de la primera dama, Raquel Arbaje. El mandatario a trav\u00e9s de [&hellip;]<\/p>\n","protected":false},"author":2,"featured_media":33733,"comment_status":"open","ping_status":"open","sticky":false,"template":"","format":"standard","meta":{"_bbp_topic_count":0,"_bbp_reply_count":0,"_bbp_total_topic_count":0,"_bbp_total_reply_count":0,"_bbp_voice_count":0,"_bbp_anonymous_reply_count":0,"_bbp_topic_count_hidden":0,"_bbp_reply_count_hidden":0,"_bbp_forum_subforum_count":0,"content-type":"","iawp_total_views":0,"footnotes":""},"categories":[105],"tags":[3192,3193],"class_list":{"0":"post-33731","1":"post","2":"type-post","3":"status-publish","4":"format-standard","5":"has-post-thumbnail","7":"category-nacionales","8":"tag-monte-everest","9":"tag-thais-herrera"},"_links":{"self":[{"href":"https:\/\/influencias.do\/index.php\/wp-json\/wp\/v2\/posts\/33731","targetHints":{"allow":["GET"]}}],"collection":[{"href":"https:\/\/influencias.do\/index.php\/wp-json\/wp\/v2\/posts"}],"about":[{"href":"https:\/\/influencias.do\/index.php\/wp-json\/wp\/v2\/types\/post"}],"author":[{"embeddable":true,"href":"https:\/\/influencias.do\/index.php\/wp-json\/wp\/v2\/users\/2"}],"replies":[{"embeddable":true,"href":"https:\/\/influencias.do\/index.php\/wp-json\/wp\/v2\/comments?post=33731"}],"version-history":[{"count":0,"href":"https:\/\/influencias.do\/index.php\/wp-json\/wp\/v2\/posts\/33731\/revisions"}],"wp:featuredmedia":[{"embeddable":true,"href":"https:\/\/influencias.do\/index.php\/wp-json\/"}],"wp:attachment":[{"href":"https:\/\/influencias.do\/index.php\/wp-json\/wp\/v2\/media?parent=33731"}],"wp:term":[{"taxonomy":"category","embeddable":true,"href":"https:\/\/influencias.do\/index.php\/wp-json\/wp\/v2\/categories?post=33731"},{"taxonomy":"post_tag","embeddable":true,"href":"https:\/\/influencias.do\/index.php\/wp-json\/wp\/v2\/tags?post=33731"}],"curies":[{"name":"wp","href":"https:\/\/api.w.org\/{rel}","templated":true}]}}