{"id":33222,"date":"2024-06-02T11:53:15","date_gmt":"2024-06-02T15:53:15","guid":{"rendered":"https:\/\/influencias.do\/?p=33222"},"modified":"2024-06-02T11:53:15","modified_gmt":"2024-06-02T15:53:15","slug":"muere-kaki-marti-productor-del-programa-el-show-de-raymond-y-miguel","status":"publish","type":"post","link":"https:\/\/influencias.do\/index.php\/2024\/06\/02\/muere-kaki-marti-productor-del-programa-el-show-de-raymond-y-miguel\/","title":{"rendered":"Muere Kaki Mart\u00ed, productor del programa &#8220;El Show de Raymond y Miguel&#8221;"},"content":{"rendered":"<p>Falleci\u00f3 este domingo\u00a0<strong>Kaki<\/strong>\u00a0Mart\u00ed, productor del\u00a0<strong>programa<\/strong>\u00a0\u201c<strong>El Show de Raymond y Miguel<\/strong>\u201d, que se transmite los domingos por Color Visi\u00f3n.<\/p>\n<p>El actor\u00a0<strong>V\u00edctor<\/strong>\u00a0Reyes refiri\u00f3 que Luis\u00edn Mart\u00ed, hermano del fallecido, le confirm\u00f3 el deceso en su residencia.<\/p>\n<p>\u201cNo dispongo de mayores detalles. Me comuniqu\u00e9 con Luis\u00edn Mart\u00ed y \u00e9l me inform\u00f3 que habr\u00eda sido de un infarto. Yo vi crecer a\u00a0<strong>Kaki<\/strong>\u00a0y a\u00a0<strong>Omar<\/strong>, lo siento como mi familia\u201d, coment\u00f3 Reyes.<\/p>\n<p><strong>Kaki<\/strong>\u00a0Mart\u00ed era hijo de\u00a0<strong>Luisito<\/strong>\u00a0Mart\u00ed. Gan\u00f3 experiencia en la industria cinematogr\u00e1fica y la televisi\u00f3n. Trabaj\u00f3 en varios proyectos junto con el cineasta \u00c1ngel Mu\u00f1iz.<\/p>\n<p>La semana pasada, el\u00a0<strong>programa<\/strong>\u00a0\u201c<strong>El Show de Raymond y Miguel<\/strong>\u201d, auspiciado por Caribbean Media World, del que fue productor, estren\u00f3 nuevo\u00a0<strong>contenido<\/strong>\u00a0con una majestuosa escenograf\u00eda dise\u00f1ada por su hermano\u00a0<strong>Omar<\/strong>\u00a0Mart\u00ed.<\/p>\n<p>En la entrega del pasado domingo,\u00a0<strong>Raymond Pozo\u00a0<\/strong>y Miguel C\u00e9spedes mostraron un contenido en el que destacaron el impacto cultural de los dominicanos en Nueva York, Estados Unidos.<\/p>\n<p><strong>Kaki<\/strong>\u00a0ten\u00eda una trayectoria de m\u00e1s de 35 a\u00f1os en la\u00a0<strong>televisi\u00f3n<\/strong>\u00a0dominicana. Su madre y quien fuera la espesa de su padre, Milagros Rivera tambi\u00e9n falleci\u00f3 de un infarto el 14 de enero de 2011 y el deceso de\u00a0<strong>Luisito Mart\u00ed se<\/strong>produjo el 3 de enero de 2010.<\/p>\n","protected":false},"excerpt":{"rendered":"<p>Falleci\u00f3 este domingo\u00a0Kaki\u00a0Mart\u00ed, productor del\u00a0programa\u00a0\u201cEl Show de Raymond y Miguel\u201d, que se transmite los domingos por Color Visi\u00f3n. El actor\u00a0V\u00edctor\u00a0Reyes refiri\u00f3 que Luis\u00edn Mart\u00ed, hermano del fallecido, le confirm\u00f3 el deceso en su residencia. \u201cNo dispongo de mayores detalles. Me comuniqu\u00e9 con Luis\u00edn Mart\u00ed y \u00e9l me inform\u00f3 que habr\u00eda sido de un infarto. Yo [&hellip;]<\/p>\n","protected":false},"author":2,"featured_media":33225,"comment_status":"open","ping_status":"open","sticky":false,"template":"","format":"standard","meta":{"_bbp_topic_count":0,"_bbp_reply_count":0,"_bbp_total_topic_count":0,"_bbp_total_reply_count":0,"_bbp_voice_count":0,"_bbp_anonymous_reply_count":0,"_bbp_topic_count_hidden":0,"_bbp_reply_count_hidden":0,"_bbp_forum_subforum_count":0,"content-type":"","iawp_total_views":0,"footnotes":""},"categories":[125],"tags":[],"class_list":{"0":"post-33222","1":"post","2":"type-post","3":"status-publish","4":"format-standard","5":"has-post-thumbnail","7":"category-arte-y-espectaculos"},"_links":{"self":[{"href":"https:\/\/influencias.do\/index.php\/wp-json\/wp\/v2\/posts\/33222","targetHints":{"allow":["GET"]}}],"collection":[{"href":"https:\/\/influencias.do\/index.php\/wp-json\/wp\/v2\/posts"}],"about":[{"href":"https:\/\/influencias.do\/index.php\/wp-json\/wp\/v2\/types\/post"}],"author":[{"embeddable":true,"href":"https:\/\/influencias.do\/index.php\/wp-json\/wp\/v2\/users\/2"}],"replies":[{"embeddable":true,"href":"https:\/\/influencias.do\/index.php\/wp-json\/wp\/v2\/comments?post=33222"}],"version-history":[{"count":0,"href":"https:\/\/influencias.do\/index.php\/wp-json\/wp\/v2\/posts\/33222\/revisions"}],"wp:featuredmedia":[{"embeddable":true,"href":"https:\/\/influencias.do\/index.php\/wp-json\/"}],"wp:attachment":[{"href":"https:\/\/influencias.do\/index.php\/wp-json\/wp\/v2\/media?parent=33222"}],"wp:term":[{"taxonomy":"category","embeddable":true,"href":"https:\/\/influencias.do\/index.php\/wp-json\/wp\/v2\/categories?post=33222"},{"taxonomy":"post_tag","embeddable":true,"href":"https:\/\/influencias.do\/index.php\/wp-json\/wp\/v2\/tags?post=33222"}],"curies":[{"name":"wp","href":"https:\/\/api.w.org\/{rel}","templated":true}]}}