{"id":32600,"date":"2024-05-21T12:03:18","date_gmt":"2024-05-21T16:03:18","guid":{"rendered":"https:\/\/influencias.do\/?p=32600"},"modified":"2024-05-21T12:03:18","modified_gmt":"2024-05-21T16:03:18","slug":"alcaldia-de-sdn-inicia-retiro-de-afiches-y-vallas-de-candidatos-participaron-en-pasada-campana-electoral","status":"publish","type":"post","link":"https:\/\/influencias.do\/index.php\/2024\/05\/21\/alcaldia-de-sdn-inicia-retiro-de-afiches-y-vallas-de-candidatos-participaron-en-pasada-campana-electoral\/","title":{"rendered":"Alcald\u00eda de SDN inicia retiro de afiches y vallas de candidatos participaron en pasada campa\u00f1a electoral"},"content":{"rendered":"<p>Santo Domingo Norte, R.D.- La Alcald\u00eda de Santo Domingo Norte inici\u00f3 este martes un operativo de descontaminaci\u00f3n visual en el municipio, retirando todos los afiches y vallas que fueron colocados por los aspirantes y candidatos que participaron durante la reci\u00e9n pasada campa\u00f1a electoral.<\/p>\n<p>La jornada estuvo encabezada por la alcaldesa, Betty Ger\u00f3nimo, quien indic\u00f3 que la idea es que el municipio vuelva a estar l\u00edmpio y organizado, as\u00ed como darle a los mun\u00edcipes un descanso de la pol\u00edtica.<\/p>\n<p>&#8220;El municipio est\u00e1 repleto de vallas, de propaganda pol\u00edtica de todos los partidos y por eso necesitamos darle a los mun\u00edcipes esa tranquilidad visual y esa organizaci\u00f3n. Desde ya, retirando toda esta propaganda pol\u00edtica inicia la nueva gesti\u00f3n de Betty Ger\u00f3nimo, de embellecer a Santo Domingo Norte&#8221;, manifest\u00f3 la alcaldesa.<\/p>\n<p>Ger\u00f3nimo se\u00f1al\u00f3 que previamente la Alcald\u00eda avis\u00f3 a los candidatos para que colaboren con el retiro de su propaganda, atendiendo algunos a este llamado, casi de forma inmediata.<\/p>\n<p>&#8220;Aqu\u00ed tenemos a los regidores que est\u00e1n tambi\u00e9n acompa\u00f1\u00e1ndonos a nosotros y ya parte de algunos diputados ellos mismos empezaron a retirar su propaganda, pero estamos nosotros ya en la jornada para poder agilizar el proceso&#8221;, expres\u00f3.<\/p>\n<p>Mientras, el director de Aseo Urbano de la ASDN, indic\u00f3 que el operativo se extender\u00e1 durante toda la semana.<\/p>\n<p>&#8220;Es un operativo bastante amplio, eso nos tomar\u00e1 a nosotros como seis o siete d\u00edas, quiz\u00e1s todo lo que resta de la semana, porque vamos a operar en todo lo que es nuestro municipio, desde el rinconcito m\u00e1s profundo hasta la avenida m\u00e1s importante&#8221;, dijo Carlos Them, director de Aseo Urbano.<\/p>\n<p>La recogida de vallas y afiches se realizar\u00e1 en sectores como Villa Mella, Sabana Perdida, Guaricano, El Higuero entre otros barrio del municipio, siendo las avenidas Hermanas Mirabal, Charles de Gaulle y Jacobo Majluta, las que cuentan con mayor cantidad de propagandas pol\u00edticas.<\/p>\n","protected":false},"excerpt":{"rendered":"<p>Santo Domingo Norte, R.D.- La Alcald\u00eda de Santo Domingo Norte inici\u00f3 este martes un operativo de descontaminaci\u00f3n visual en el municipio, retirando todos los afiches y vallas que fueron colocados por los aspirantes y candidatos que participaron durante la reci\u00e9n pasada campa\u00f1a electoral. La jornada estuvo encabezada por la alcaldesa, Betty Ger\u00f3nimo, quien indic\u00f3 que [&hellip;]<\/p>\n","protected":false},"author":2,"featured_media":32602,"comment_status":"open","ping_status":"open","sticky":false,"template":"","format":"standard","meta":{"_bbp_topic_count":0,"_bbp_reply_count":0,"_bbp_total_topic_count":0,"_bbp_total_reply_count":0,"_bbp_voice_count":0,"_bbp_anonymous_reply_count":0,"_bbp_topic_count_hidden":0,"_bbp_reply_count_hidden":0,"_bbp_forum_subforum_count":0,"content-type":"","iawp_total_views":0,"footnotes":""},"categories":[112],"tags":[3069],"class_list":{"0":"post-32600","1":"post","2":"type-post","3":"status-publish","4":"format-standard","5":"has-post-thumbnail","7":"category-municipalidad","8":"tag-alcaldia-de-santo-domingo-norte"},"_links":{"self":[{"href":"https:\/\/influencias.do\/index.php\/wp-json\/wp\/v2\/posts\/32600","targetHints":{"allow":["GET"]}}],"collection":[{"href":"https:\/\/influencias.do\/index.php\/wp-json\/wp\/v2\/posts"}],"about":[{"href":"https:\/\/influencias.do\/index.php\/wp-json\/wp\/v2\/types\/post"}],"author":[{"embeddable":true,"href":"https:\/\/influencias.do\/index.php\/wp-json\/wp\/v2\/users\/2"}],"replies":[{"embeddable":true,"href":"https:\/\/influencias.do\/index.php\/wp-json\/wp\/v2\/comments?post=32600"}],"version-history":[{"count":0,"href":"https:\/\/influencias.do\/index.php\/wp-json\/wp\/v2\/posts\/32600\/revisions"}],"wp:featuredmedia":[{"embeddable":true,"href":"https:\/\/influencias.do\/index.php\/wp-json\/"}],"wp:attachment":[{"href":"https:\/\/influencias.do\/index.php\/wp-json\/wp\/v2\/media?parent=32600"}],"wp:term":[{"taxonomy":"category","embeddable":true,"href":"https:\/\/influencias.do\/index.php\/wp-json\/wp\/v2\/categories?post=32600"},{"taxonomy":"post_tag","embeddable":true,"href":"https:\/\/influencias.do\/index.php\/wp-json\/wp\/v2\/tags?post=32600"}],"curies":[{"name":"wp","href":"https:\/\/api.w.org\/{rel}","templated":true}]}}