{"id":32009,"date":"2024-05-09T13:35:59","date_gmt":"2024-05-09T17:35:59","guid":{"rendered":"https:\/\/influencias.do\/?p=32009"},"modified":"2024-05-09T13:35:59","modified_gmt":"2024-05-09T17:35:59","slug":"alcaldia-sde-y-policia-nacional-se-unen-para-crear-un-municipio-mas-seguro","status":"publish","type":"post","link":"https:\/\/influencias.do\/index.php\/2024\/05\/09\/alcaldia-sde-y-policia-nacional-se-unen-para-crear-un-municipio-mas-seguro\/","title":{"rendered":"Alcald\u00eda SDE y Polic\u00eda Nacional se unen para crear un municipio m\u00e1s seguro"},"content":{"rendered":"<p>Santo Domingo Este. &#8211; El alcalde de Santo Domingo Este, D\u00edo Astacio, y el general de brigada Eddy P\u00e9rez Peralta, director regional de la Polic\u00eda Nacional en esta demarcaci\u00f3n, se reunieron para trazar estrategias conjuntas para fortalecer la seguridad ciudadana en este municipio, que cuenta con m\u00e1s de un mill\u00f3n de habitantes.<\/p>\n<p>En el encuentro las autoridades destacaron la importancia de la coordinaci\u00f3n y colaboraci\u00f3n entre la alcald\u00eda y la polic\u00eda para garantizar la seguridad de los ciudadanos, especialmente en situaciones de riesgo. Se acord\u00f3 que las unidades de la Polic\u00eda Municipal trabajar\u00e1n en conjunto con los efectivos policiales para dar una respuesta r\u00e1pida y efectiva ante cualquier incidente.<\/p>\n<p>\u201cQueremos trabajar en conjunto y presentar un plan de acci\u00f3n para que la ciudadan\u00eda sepa que tiene un ayuntamiento comprometido con el cumplimiento de la ley. Para ello, contaremos con abogados y polic\u00edas ambientales en el ayuntamiento que cooperar\u00e1n con la polic\u00eda y brindar\u00e1n apoyo a las v\u00edctimas. No permitiremos que los casos queden impunes y que la ciudad sea un caos\u201d, expres\u00f3 Astacio.<\/p>\n<p>El objetivo es alcanzar tasas de seguridad que demuestre el compromiso de las autoridades con el bienestar y la tranquilidad de todos los ciudadanos.<\/p>\n<p>De su lado, el general P\u00e9rez Peralta, cree firmemente en las medidas preventivas y destac\u00f3 los logros obtenidos por la direcci\u00f3n regional bajo su mando, la cual fue reconocida por el presidente de la Rep\u00fablica, Luis Abinader Corona, como la mejor del pa\u00eds en cuanto a reducci\u00f3n de la delincuencia.<\/p>\n<p>&#8220;Esta unidad trabaja las 24 horas del d\u00eda para garantizar la seguridad de los ciudadanos&#8221;, dijo P\u00e9rez Peralta. &#8220;Creemos en las medidas preventivas y seguiremos trabajando en conjunto con el ayuntamiento para convertir a Santo Domingo Este en un municipio a\u00fan m\u00e1s seguro&#8221;.<\/p>\n<p>Este esfuerzo conjunto entre la alcald\u00eda y la Polic\u00eda Nacional se alinea con los est\u00e1ndares internacionales de seguridad de la ONU y busca posicionar a Santo Domingo Este como un referente en la regi\u00f3n en materia de seguridad.<\/p>\n","protected":false},"excerpt":{"rendered":"<p>Santo Domingo Este. &#8211; El alcalde de Santo Domingo Este, D\u00edo Astacio, y el general de brigada Eddy P\u00e9rez Peralta, director regional de la Polic\u00eda Nacional en esta demarcaci\u00f3n, se reunieron para trazar estrategias conjuntas para fortalecer la seguridad ciudadana en este municipio, que cuenta con m\u00e1s de un mill\u00f3n de habitantes. En el encuentro [&hellip;]<\/p>\n","protected":false},"author":2,"featured_media":32011,"comment_status":"open","ping_status":"open","sticky":false,"template":"","format":"standard","meta":{"_bbp_topic_count":0,"_bbp_reply_count":0,"_bbp_total_topic_count":0,"_bbp_total_reply_count":0,"_bbp_voice_count":0,"_bbp_anonymous_reply_count":0,"_bbp_topic_count_hidden":0,"_bbp_reply_count_hidden":0,"_bbp_forum_subforum_count":0,"content-type":"","iawp_total_views":0,"footnotes":""},"categories":[112],"tags":[],"class_list":{"0":"post-32009","1":"post","2":"type-post","3":"status-publish","4":"format-standard","5":"has-post-thumbnail","7":"category-municipalidad"},"_links":{"self":[{"href":"https:\/\/influencias.do\/index.php\/wp-json\/wp\/v2\/posts\/32009","targetHints":{"allow":["GET"]}}],"collection":[{"href":"https:\/\/influencias.do\/index.php\/wp-json\/wp\/v2\/posts"}],"about":[{"href":"https:\/\/influencias.do\/index.php\/wp-json\/wp\/v2\/types\/post"}],"author":[{"embeddable":true,"href":"https:\/\/influencias.do\/index.php\/wp-json\/wp\/v2\/users\/2"}],"replies":[{"embeddable":true,"href":"https:\/\/influencias.do\/index.php\/wp-json\/wp\/v2\/comments?post=32009"}],"version-history":[{"count":0,"href":"https:\/\/influencias.do\/index.php\/wp-json\/wp\/v2\/posts\/32009\/revisions"}],"wp:featuredmedia":[{"embeddable":true,"href":"https:\/\/influencias.do\/index.php\/wp-json\/"}],"wp:attachment":[{"href":"https:\/\/influencias.do\/index.php\/wp-json\/wp\/v2\/media?parent=32009"}],"wp:term":[{"taxonomy":"category","embeddable":true,"href":"https:\/\/influencias.do\/index.php\/wp-json\/wp\/v2\/categories?post=32009"},{"taxonomy":"post_tag","embeddable":true,"href":"https:\/\/influencias.do\/index.php\/wp-json\/wp\/v2\/tags?post=32009"}],"curies":[{"name":"wp","href":"https:\/\/api.w.org\/{rel}","templated":true}]}}