{"id":31349,"date":"2024-04-26T11:03:49","date_gmt":"2024-04-26T15:03:49","guid":{"rendered":"https:\/\/influencias.do\/?p=31349"},"modified":"2024-04-26T11:03:49","modified_gmt":"2024-04-26T15:03:49","slug":"estudio-estar-sentado-muchas-horas-y-no-tomar-cafe-aumenta-el-riesgo-de-muerte","status":"publish","type":"post","link":"https:\/\/influencias.do\/index.php\/2024\/04\/26\/estudio-estar-sentado-muchas-horas-y-no-tomar-cafe-aumenta-el-riesgo-de-muerte\/","title":{"rendered":"Estudio: estar sentado muchas horas y no tomar caf\u00e9 aumenta el riesgo de muerte"},"content":{"rendered":"<p>Las personas que permanecen sentadas m\u00e1s de seis horas al d\u00eda y no toman caf\u00e9 presentan una tasa de mortalidad m\u00e1s alta que aquellas que son consumidores de caf\u00e9 y pasan menos tiempo sentadas, concluye un nuevo\u00a0<a href=\"https:\/\/bmcpublichealth.biomedcentral.com\/articles\/10.1186\/s12889-024-18515-9\" target=\"_blank\" rel=\"nofollow noopener noreferrer\">estudio<\/a>\u00a0publicado la semana pasada en la revista cient\u00edfica BMC Public Health.<\/p>\n<p>Un grupo de investigadores de la Universidad de Soochow (China) examinaron los datos de 10.639 participantes de encuestas nacionales de EE.UU.\u00a0a lo largo\u00a013 a\u00f1os, tiempo durante el que\u00a0<strong>fallecieron 945<\/strong>, incluidos\u00a0284 por\u00a0<strong>enfermedades cardiovasculares.<\/strong><\/p>\n<p>Los resultados confirmaron que el consumo de caf\u00e9 reduce el riesgo de muerte, mientras que el comportamiento sedentario lo aumenta.<\/p>\n<p>Mientras, los an\u00e1lisis de los datos, en los que se tuvo en cuenta tanto el consumo del caf\u00e9 como el tiempo que las personas permanec\u00edan sentadas, mostraron que\u00a0las personas que no tomaban caf\u00e9 y estaban sentadas m\u00e1s de seis horas al d\u00eda ten\u00edan una<strong>\u00a0probabilidad\u00a01,58 veces mayor de morir<\/strong>\u00a0que los consumidores de caf\u00e9 que permanec\u00edan sentados menos de seis horas al d\u00eda.<\/p>\n<p>Esto indica que &#8220;la asociaci\u00f3n entre el comportamiento sedentario y el aumento de la mortalidad solo se observ\u00f3 entre los adultos que no consum\u00edan caf\u00e9, pero no entre quienes s\u00ed lo hac\u00edan&#8221;, se\u00f1alaron los investigadores en su estudio.<\/p>\n","protected":false},"excerpt":{"rendered":"<p>Las personas que permanecen sentadas m\u00e1s de seis horas al d\u00eda y no toman caf\u00e9 presentan una tasa de mortalidad m\u00e1s alta que aquellas que son consumidores de caf\u00e9 y pasan menos tiempo sentadas, concluye un nuevo\u00a0estudio\u00a0publicado la semana pasada en la revista cient\u00edfica BMC Public Health. Un grupo de investigadores de la Universidad de [&hellip;]<\/p>\n","protected":false},"author":2,"featured_media":31351,"comment_status":"open","ping_status":"open","sticky":false,"template":"","format":"standard","meta":{"_bbp_topic_count":0,"_bbp_reply_count":0,"_bbp_total_topic_count":0,"_bbp_total_reply_count":0,"_bbp_voice_count":0,"_bbp_anonymous_reply_count":0,"_bbp_topic_count_hidden":0,"_bbp_reply_count_hidden":0,"_bbp_forum_subforum_count":0,"content-type":"","iawp_total_views":0,"footnotes":""},"categories":[2802],"tags":[],"class_list":{"0":"post-31349","1":"post","2":"type-post","3":"status-publish","4":"format-standard","5":"has-post-thumbnail","7":"category-salud"},"_links":{"self":[{"href":"https:\/\/influencias.do\/index.php\/wp-json\/wp\/v2\/posts\/31349","targetHints":{"allow":["GET"]}}],"collection":[{"href":"https:\/\/influencias.do\/index.php\/wp-json\/wp\/v2\/posts"}],"about":[{"href":"https:\/\/influencias.do\/index.php\/wp-json\/wp\/v2\/types\/post"}],"author":[{"embeddable":true,"href":"https:\/\/influencias.do\/index.php\/wp-json\/wp\/v2\/users\/2"}],"replies":[{"embeddable":true,"href":"https:\/\/influencias.do\/index.php\/wp-json\/wp\/v2\/comments?post=31349"}],"version-history":[{"count":0,"href":"https:\/\/influencias.do\/index.php\/wp-json\/wp\/v2\/posts\/31349\/revisions"}],"wp:featuredmedia":[{"embeddable":true,"href":"https:\/\/influencias.do\/index.php\/wp-json\/"}],"wp:attachment":[{"href":"https:\/\/influencias.do\/index.php\/wp-json\/wp\/v2\/media?parent=31349"}],"wp:term":[{"taxonomy":"category","embeddable":true,"href":"https:\/\/influencias.do\/index.php\/wp-json\/wp\/v2\/categories?post=31349"},{"taxonomy":"post_tag","embeddable":true,"href":"https:\/\/influencias.do\/index.php\/wp-json\/wp\/v2\/tags?post=31349"}],"curies":[{"name":"wp","href":"https:\/\/api.w.org\/{rel}","templated":true}]}}