{"id":31342,"date":"2024-04-26T10:54:33","date_gmt":"2024-04-26T14:54:33","guid":{"rendered":"https:\/\/influencias.do\/?p=31342"},"modified":"2024-04-26T10:54:33","modified_gmt":"2024-04-26T14:54:33","slug":"hoy-siguen-los-aguaceros-y-rafagas-de-viento-por-incidencia-de-vaguada","status":"publish","type":"post","link":"https:\/\/influencias.do\/index.php\/2024\/04\/26\/hoy-siguen-los-aguaceros-y-rafagas-de-viento-por-incidencia-de-vaguada\/","title":{"rendered":"Hoy siguen los aguaceros y r\u00e1fagas de viento por incidencia de vaguada"},"content":{"rendered":"<p>La Oficina Nacional de Meteorolog\u00eda (Onamet) inform\u00f3 que para hoy, seguir\u00e1 el ambiente inestable, propicio para el desarrollo de aguaceros moderados, tronadas y r\u00e1fagas de viento sobre el territorio nacional, as\u00ed como en poblados de El Seibo, Hato Mayor, La Romana, San Pedro de Macor\u00eds, Mar\u00eda Trinidad S\u00e1nchez y otras.<\/p>\n<p>Desde el mediod\u00eda, aumentar\u00e1 la intensidad de los aguaceros con posibles granizadas en zonas susceptibles, tormentas el\u00e9ctricas y r\u00e1fagas de viento sobre Monte Plata, S\u00e1nchez Ram\u00edrez, Monse\u00f1or Nouel, San Jos\u00e9 de Ocoa, Santiago, La Vega, Santiago Rodr\u00edguez, Dajab\u00f3n, El\u00edas Pi\u00f1a, Independencia, San Crist\u00f3bal y El Gran Santo Domingo. Pronosticamos en la noche la continuidad de la actividad lluviosa.<\/p>\n<p>Debido a las lluvias pronosticadas para las pr\u00f3ximas 24 a 48 horas, el\u00a0<strong>Centro Nacional de Pron\u00f3stico<\/strong>\u00a0mantiene los niveles de\u00a0<strong>Alerta y Aviso meteorol\u00f3gico<\/strong>, ante posibles crecidas de r\u00edos, arroyos y ca\u00f1adas, inundaciones urbanas, as\u00ed como posibles deslizamientos de tierra, en las provincias:\u00a0<strong>Estas podr\u00edan ser modificadas en las pr\u00f3ximas horas atentos.<\/strong><\/p>\n<table width=\"765\">\n<tbody>\n<tr>\n<td colspan=\"5\" width=\"765\"><strong>NIVELES DE ALERTAS Y AVISOS METEOROL\u00d3GICOS<\/strong><\/td>\n<\/tr>\n<tr>\n<td colspan=\"2\" width=\"323\"><strong>ALERTA<\/strong><\/td>\n<td colspan=\"2\" width=\"293\"><strong>AVISO<\/strong><\/td>\n<td width=\"150\"><strong>DESCONTINUADAS<\/strong><\/td>\n<\/tr>\n<tr>\n<td width=\"171\"><strong>S\u00e1nchez\u00a0<em>R<\/em>am\u00edrez<\/strong><\/td>\n<td width=\"151\"><strong>San Crist\u00f3bal<\/strong><\/td>\n<td width=\"161\"><strong>San Pedro de Macor\u00eds<\/strong><\/td>\n<td width=\"132\"><strong>Santiago<\/strong><\/td>\n<td width=\"150\">&nbsp;<\/td>\n<\/tr>\n<tr>\n<td width=\"171\"><strong>El Seibo<\/strong><\/td>\n<td width=\"151\"><strong>Azua<\/strong><\/td>\n<td width=\"161\"><strong>Hato Mayor<\/strong><\/td>\n<td width=\"132\"><strong>Santiago Rodr\u00edguez<\/strong><\/td>\n<td width=\"150\">&nbsp;<\/td>\n<\/tr>\n<tr>\n<td width=\"171\"><strong>San Juan<\/strong><\/td>\n<td width=\"151\"><strong>San Jos\u00e9 de Ocoa<\/strong><\/td>\n<td width=\"161\"><strong>Duarte<\/strong><\/td>\n<td width=\"132\"><strong>\u00a0<\/strong><\/td>\n<td width=\"150\">&nbsp;<\/td>\n<\/tr>\n<tr>\n<td width=\"171\"><strong>Dajab\u00f3n<\/strong><\/td>\n<td width=\"151\"><strong>\u00a0El\u00edas Pi\u00f1a<\/strong><\/td>\n<td width=\"161\"><strong>La Vega<\/strong><\/td>\n<td width=\"132\"><strong>\u00a0<\/strong><\/td>\n<td width=\"150\">&nbsp;<\/td>\n<\/tr>\n<tr>\n<td width=\"171\"><strong>Mar\u00eda Trinidad S\u00e1nchez<\/strong><\/td>\n<td width=\"151\"><strong>Hermanas Mirabal<\/strong><\/td>\n<td width=\"161\"><strong>Monte Plata<\/strong><\/td>\n<td width=\"132\"><strong>\u00a0<\/strong><\/td>\n<td width=\"150\">&nbsp;<\/td>\n<\/tr>\n<tr>\n<td width=\"171\"><strong>La Romana<\/strong><\/td>\n<td width=\"151\"><strong>Espaillat<\/strong><\/td>\n<td width=\"161\"><strong>El Gran Santo Domingo<\/strong><\/td>\n<td width=\"132\"><strong>\u00a0<\/strong><\/td>\n<td width=\"150\">&nbsp;<\/td>\n<\/tr>\n<tr>\n<td width=\"171\"><strong>Saman\u00e1<\/strong><\/td>\n<td width=\"151\"><strong>\u00a0<\/strong><\/td>\n<td width=\"161\"><strong>Monse\u00f1or Nouel<\/strong><\/td>\n<td width=\"132\"><strong>\u00a0<\/strong><\/td>\n<td width=\"150\">&nbsp;<\/td>\n<\/tr>\n<tr>\n<td colspan=\"2\" width=\"323\"><strong>TOTAL: 13<\/strong><\/td>\n<td colspan=\"2\" width=\"293\"><strong>TOTAL: 9<\/strong><\/td>\n<td width=\"150\"><strong>TOTAL: 0<\/strong><\/td>\n<\/tr>\n<\/tbody>\n<\/table>\n<p><strong>Ma\u00f1ana s\u00e1bado<\/strong>, la tendencia en el estado del tiempo ser\u00e1 de precipitaciones menos recurrentes y de intensidad reducida de manera paulatina, como resultado del alejamiento de la vaguada. Sin embargo, los efectos orogr\u00e1ficos, m\u00e1s el viento alisio y la humedad dominante ser\u00e1n suficientes para generar aguaceros locales y tronadas durante la ma\u00f1ana en poblados de las provincias: Puerolto Plata, Espaillat, Mar\u00eda Trinidad S\u00e1nchez, Saman\u00e1, Hato Mayor, El Seibo y La Altagracia.<\/p>\n<p>Se predice para la tarde puedan extenderse sobre San Pedro, Monte Plata, Duarte, S\u00e1nchez Ram\u00edrez, Monse\u00f1or Nouel, La Vega, Santiago, San Juan, Bahoruco, Independencia , Gran Santo Domingo y otras del noroeste y suroeste.<\/p>\n","protected":false},"excerpt":{"rendered":"<p>La Oficina Nacional de Meteorolog\u00eda (Onamet) inform\u00f3 que para hoy, seguir\u00e1 el ambiente inestable, propicio para el desarrollo de aguaceros moderados, tronadas y r\u00e1fagas de viento sobre el territorio nacional, as\u00ed como en poblados de El Seibo, Hato Mayor, La Romana, San Pedro de Macor\u00eds, Mar\u00eda Trinidad S\u00e1nchez y otras. Desde el mediod\u00eda, aumentar\u00e1 la [&hellip;]<\/p>\n","protected":false},"author":2,"featured_media":19748,"comment_status":"open","ping_status":"open","sticky":false,"template":"","format":"standard","meta":{"_bbp_topic_count":0,"_bbp_reply_count":0,"_bbp_total_topic_count":0,"_bbp_total_reply_count":0,"_bbp_voice_count":0,"_bbp_anonymous_reply_count":0,"_bbp_topic_count_hidden":0,"_bbp_reply_count_hidden":0,"_bbp_forum_subforum_count":0,"content-type":"","iawp_total_views":0,"footnotes":""},"categories":[108],"tags":[],"class_list":{"0":"post-31342","1":"post","2":"type-post","3":"status-publish","4":"format-standard","5":"has-post-thumbnail","7":"category-mas-vistas"},"_links":{"self":[{"href":"https:\/\/influencias.do\/index.php\/wp-json\/wp\/v2\/posts\/31342","targetHints":{"allow":["GET"]}}],"collection":[{"href":"https:\/\/influencias.do\/index.php\/wp-json\/wp\/v2\/posts"}],"about":[{"href":"https:\/\/influencias.do\/index.php\/wp-json\/wp\/v2\/types\/post"}],"author":[{"embeddable":true,"href":"https:\/\/influencias.do\/index.php\/wp-json\/wp\/v2\/users\/2"}],"replies":[{"embeddable":true,"href":"https:\/\/influencias.do\/index.php\/wp-json\/wp\/v2\/comments?post=31342"}],"version-history":[{"count":0,"href":"https:\/\/influencias.do\/index.php\/wp-json\/wp\/v2\/posts\/31342\/revisions"}],"wp:featuredmedia":[{"embeddable":true,"href":"https:\/\/influencias.do\/index.php\/wp-json\/"}],"wp:attachment":[{"href":"https:\/\/influencias.do\/index.php\/wp-json\/wp\/v2\/media?parent=31342"}],"wp:term":[{"taxonomy":"category","embeddable":true,"href":"https:\/\/influencias.do\/index.php\/wp-json\/wp\/v2\/categories?post=31342"},{"taxonomy":"post_tag","embeddable":true,"href":"https:\/\/influencias.do\/index.php\/wp-json\/wp\/v2\/tags?post=31342"}],"curies":[{"name":"wp","href":"https:\/\/api.w.org\/{rel}","templated":true}]}}