{"id":30964,"date":"2024-04-18T17:35:10","date_gmt":"2024-04-18T21:35:10","guid":{"rendered":"https:\/\/influencias.do\/?p=30964"},"modified":"2024-04-18T17:35:10","modified_gmt":"2024-04-18T21:35:10","slug":"sequia-conflictos-y-corrupcion-los-ingredientes-detras-del-regreso-de-los-apagones-en-ecuador","status":"publish","type":"post","link":"https:\/\/influencias.do\/index.php\/2024\/04\/18\/sequia-conflictos-y-corrupcion-los-ingredientes-detras-del-regreso-de-los-apagones-en-ecuador\/","title":{"rendered":"Sequ\u00eda, conflictos y corrupci\u00f3n: los ingredientes detr\u00e1s del regreso de los apagones en Ecuador"},"content":{"rendered":"<p>Esta semana ha vuelto a ponerse de manifiesto la crisis energ\u00e9tica por la que atraviesa Ecuador, con intensos\u00a0<a href=\"https:\/\/esrt.space\/actualidad\/506367-extienden-apagones-ecuador-indignacion-desorganizacion\" target=\"_blank\" rel=\"noopener noreferrer\">cortes de electricidad<\/a>\u00a0a la poblaci\u00f3n\u00a0por varias horas.<\/p>\n<p>La Administraci\u00f3n de\u00a0<a href=\"https:\/\/esrt.space\/actualidad\/483944-daniel-noboa-presidente-electo-ecuador\" target=\"_blank\" rel=\"noopener noreferrer\">Daniel Noboa<\/a>\u00a0decret\u00f3 la\u00a0<a href=\"https:\/\/esrt.space\/actualidad\/506418-noboa-decreta-suspension-jornada-laboral-apagones\" target=\"_blank\" rel=\"noopener noreferrer\">suspensi\u00f3n<\/a>\u00a0de la jornada laboral a escala nacional para este jueves y viernes, alegando\u00a0que durante estos dos d\u00edas se llevar\u00e1n acabo mantenimientos en las plantas el\u00e9ctricas y esto implicar\u00eda racionamientos de energ\u00eda.<\/p>\n<p>Los cortes regresaron desde el fin de semana pasado. El lunes, adem\u00e1s, hubo\u00a0<a href=\"https:\/\/actualidad.rt.com\/actualidad\/506148-corte-luz-varias-ciudades-ecuador\" target=\"_blank\" rel=\"noopener noreferrer\">apagones<\/a>\u00a0que el Gobierno prefiri\u00f3 llamar\u00a0<strong>&#8220;desconexiones&#8221;<\/strong>,\u00a0en varias provincias del pa\u00eds, pero sin ninguna programaci\u00f3n previa. Tras ello, el Ministerio de Energ\u00eda y Minas oficializ\u00f3 los racionamientos y estableci\u00f3 un cronograma para los primeros d\u00edas de la semana.<\/p>\n<p>Pero ya para el jueves y viernes, tras el anuncio de la suspensi\u00f3n de la jornada laboral, en la capital ecuatoriana, por ejemplo, la Empresa El\u00e9ctrica Quito\u00a0<a href=\"https:\/\/twitter.com\/ElectricaQuito\/status\/1780740865176088668\" target=\"_blank\" rel=\"noopener noreferrer\">inform\u00f3<\/a>\u00a0que\u00a0<strong>los apagones ser\u00edan de hasta ocho horas<\/strong>.<\/p>\n<p>El Gobierno ha tomado algunas acciones. Noboa\u00a0declar\u00f3 en emergencia el sector energ\u00e9tico y pidi\u00f3 la\u00a0<a href=\"https:\/\/esrt.space\/actualidad\/506300-noboa-pide-renuncia-ministra-energia-apagones\" target=\"_blank\" rel=\"noopener noreferrer\">renuncia<\/a> a la ministra de Energ\u00eda y Minas, Andrea Arrobo, nombrando en su lugar, como encargado de esa cartera de Estado, al actual ministro de Transporte y Obras P\u00fablicas, Roberto Luque.<\/p>\n<p>Asimismo, la Presidencia\u00a0<a href=\"https:\/\/twitter.com\/Presidencia_Ec\/status\/1780631688009195906\" target=\"_blank\" rel=\"noopener noreferrer\">anunci\u00f3<\/a>\u00a0que se present\u00f3 ante la Fiscal\u00eda General del Estado\u00a0<strong>una denuncia por &#8220;paralizaci\u00f3n del servicio p\u00fablico&#8221; contra &#8220;22 saboteadores&#8221;<\/strong>. Esto, luego de se\u00f1alar que una investigaci\u00f3n preliminar dio indicios de que funcionarios de alto nivel de la instituci\u00f3n, incluyendo a\u00a0Arrobo, &#8220;ocultaron intencionalmente informaci\u00f3n crucial para el funcionamiento del sistema nacional energ\u00e9tico&#8221;.<\/p>\n<p>Desde la instituci\u00f3n se\u00f1alaron que las primeras investigaciones dan cuenta de que se suprimieron y deshicieron advertencias y alertas al Comit\u00e9 de Crisis Energ\u00e9tica, con el prop\u00f3sito de que esta grave situaci\u00f3n no sea conocida para la toma de decisiones oportunas. &#8220;Es decir, los recortes de energ\u00eda no solo respondieron a circunstancias ambientales, sino a\u00a0<strong>actos inauditos de corrupci\u00f3n<\/strong>\u00a0y negligencia&#8221;, dice la Presidencia.<\/p>\n<h3>Restricci\u00f3n colombiana<\/h3>\n<p>El mi\u00e9rcoles, el Ministerio de Energ\u00eda y Minas de Ecuador\u00a0<a href=\"https:\/\/twitter.com\/RecNaturalesEC\/status\/1780482211789013058\" target=\"_blank\" rel=\"noopener noreferrer\">dijo<\/a>\u00a0que la crisis energ\u00e9tica tiene varios factores, adem\u00e1s de la &#8220;corrupci\u00f3n hist\u00f3rica&#8221;, y se\u00f1al\u00f3 las\u00a0<strong>causas clim\u00e1ticas, de planificaci\u00f3n y administrativas<\/strong>.<\/p>\n<p>Pero estos apagones en Ecuador han coincidido tambi\u00e9n con la decisi\u00f3n de Colombia de limitar\u00a0el env\u00edo de energ\u00eda al vecino pa\u00eds. El pasado lunes, el ministro de Minas y Energ\u00eda de Colombia, Andr\u00e9s Camacho, confirm\u00f3 que, por los bajos niveles en los embalses de su pa\u00eds, se decidi\u00f3 restringir la exportaci\u00f3n.<\/p>\n<p>&#8220;En Semana Santa\u00a0nosotros limitamos la exportaci\u00f3n de energ\u00eda a Ecuador,\u00a0<strong>en este momento no estamos exportando energ\u00eda<\/strong>\u00a0porque tenemos toda la t\u00e9rmica en su m\u00e1ximo potencial de generaci\u00f3n as\u00ed que todas las medidas se han venido adoptando tanto renovables, t\u00e9rmica, y el potencial de generaci\u00f3n con plantas hidr\u00e1ulicas est\u00e1 en discusi\u00f3n&#8221;, dijo el funcionario, citado por\u00a0<a href=\"https:\/\/caracol.com.co\/2024\/04\/15\/por-bajos-niveles-de-embalses-colombia-suspende-exportacion-de-energia-a-ecuador\/?rel=buscador_noticias\" target=\"_blank\" rel=\"noopener noreferrer\">Caracol Radio<\/a>.<\/p>\n<p>Camacho no descart\u00f3 que Colombia tenga que vivir racionamientos el\u00e9ctricos debido a la fuerte sequ\u00eda que est\u00e1 afectando a los embalses. No obstante,\u00a0<a href=\"https:\/\/esrt.space\/actualidad\/506389-ministro-energia-colombia-racionamiento-agua\" target=\"_blank\" rel=\"noopener noreferrer\">asegur\u00f3<\/a>\u00a0que no habr\u00e1 cortes en su pa\u00eds.<\/p>\n<p>Del lado ecuatoriano, la semana pasada, cuando a\u00fan era ministra, Arrobo dio a entender que los env\u00edos de energ\u00eda se dieron\u00a0al menos hasta el 11 de abril. Seg\u00fan la ahora exministra, ese d\u00eda Ecuador import\u00f3 &#8220;2,17 gigavatios (GW), m\u00e1s del 2 % de la demanda&#8221;, seg\u00fan\u00a0<a href=\"https:\/\/www.eluniverso.com\/noticias\/economia\/cortes-de-luz-ecuador-colombia-exportacion-suspendida-2024-nota\/\" target=\"_blank\" rel=\"noopener noreferrer\">El Universo<\/a>.<\/p>\n<p>Asimismo, el presidente de la\u00a0Asociaci\u00f3n Nacional de Empresas Generadoras (ANDEG) de Colombia, Alejandro Casta\u00f1eda, coment\u00f3, en entrevista con\u00a0<a href=\"https:\/\/www.rcnradio.com\/colombia\/colombia-ha-exportado-desde-semana-santa-mas-de-180-gwh-de-energia-xm?amp&amp;utm_source=dlvr.it&amp;utm_medium=twitter\" target=\"_blank\" rel=\"noopener noreferrer\">RCN Radio<\/a>, que &#8220;en la \u00faltima semana la exportaci\u00f3n a Ecuador\u00a0disminuy\u00f3&#8221; y de estar vendiendo &#8220;m\u00e1s o menos entre 7-8 gigas diarios&#8221; pas\u00f3 a &#8220;m\u00e1s o menos 2-3 gigavatios hora a d\u00eda&#8221;.<\/p>\n<p>El martes, el presidente colombiano, Gustavo Petro, dijo que sent\u00eda\u00a0mucho pesar por el hecho de que &#8220;comience el racionamiento el\u00e9ctrico&#8221; en Ecuador, pero recalc\u00f3\u00a0que su\u00a0<a href=\"https:\/\/esrt.space\/actualidad\/485878-lasso-consigue-colombia-exporte-energia\" target=\"_blank\" rel=\"noopener noreferrer\">compromiso<\/a>\u00a0con la anterior administraci\u00f3n ecuatoriana, del entonces presidente Guillermo Lasso,\u00a0&#8220;fue proveer el servicio hasta que no se pusiera en peligro la misma estabilidad el\u00e9ctrica de Colombia&#8221;.<\/p>\n<figure class=\"RTImage-root\">\n<div class=\"RTImage-image RTImage-original\"><picture class=\"Picture-root Picture-original\"><source srcset=\" \nhttps:\/\/mf.b37mrtl.ru\/actualidad\/public_images\/2024.04\/original\/66211c1b59bf5b018060b4ca.jpeg 850w,\n                https:\/\/mf.b37mrtl.ru\/actualidad\/public_images\/2024.04\/original\/66211c1b59bf5b018060b4ca.jpeg 1960w,\n            \" media=\"(-webkit-min-device-pixel-ratio: 2) and (min-resolution: 120dpi)\" sizes=\"912px\" data-srcset=\"\n                https:\/\/mf.b37mrtl.ru\/actualidad\/public_images\/2024.04\/original\/66211c1b59bf5b018060b4ca.jpeg 850w,\n                https:\/\/mf.b37mrtl.ru\/actualidad\/public_images\/2024.04\/original\/66211c1b59bf5b018060b4ca.jpeg 1960w,\n            \" \/><source srcset=\" \nhttps:\/\/mf.b37mrtl.ru\/actualidad\/public_images\/2024.04\/original\/66211c1b59bf5b018060b4ca.jpeg 460w,\n              https:\/\/mf.b37mrtl.ru\/actualidad\/public_images\/2024.04\/original\/66211c1b59bf5b018060b4ca.jpeg 980w,\n            \" sizes=\"912px\" data-srcset=\"\n              https:\/\/mf.b37mrtl.ru\/actualidad\/public_images\/2024.04\/original\/66211c1b59bf5b018060b4ca.jpeg 460w,\n              https:\/\/mf.b37mrtl.ru\/actualidad\/public_images\/2024.04\/original\/66211c1b59bf5b018060b4ca.jpeg 980w,\n            \" \/><\/picture><\/div>\n<\/figure>\n","protected":false},"excerpt":{"rendered":"<p>Esta semana ha vuelto a ponerse de manifiesto la crisis energ\u00e9tica por la que atraviesa Ecuador, con intensos\u00a0cortes de electricidad\u00a0a la poblaci\u00f3n\u00a0por varias horas. La Administraci\u00f3n de\u00a0Daniel Noboa\u00a0decret\u00f3 la\u00a0suspensi\u00f3n\u00a0de la jornada laboral a escala nacional para este jueves y viernes, alegando\u00a0que durante estos dos d\u00edas se llevar\u00e1n acabo mantenimientos en las plantas el\u00e9ctricas y esto [&hellip;]<\/p>\n","protected":false},"author":2,"featured_media":30967,"comment_status":"open","ping_status":"open","sticky":false,"template":"","format":"standard","meta":{"_bbp_topic_count":0,"_bbp_reply_count":0,"_bbp_total_topic_count":0,"_bbp_total_reply_count":0,"_bbp_voice_count":0,"_bbp_anonymous_reply_count":0,"_bbp_topic_count_hidden":0,"_bbp_reply_count_hidden":0,"_bbp_forum_subforum_count":0,"content-type":"","iawp_total_views":0,"footnotes":""},"categories":[109],"tags":[],"class_list":{"0":"post-30964","1":"post","2":"type-post","3":"status-publish","4":"format-standard","5":"has-post-thumbnail","7":"category-internacionales"},"_links":{"self":[{"href":"https:\/\/influencias.do\/index.php\/wp-json\/wp\/v2\/posts\/30964","targetHints":{"allow":["GET"]}}],"collection":[{"href":"https:\/\/influencias.do\/index.php\/wp-json\/wp\/v2\/posts"}],"about":[{"href":"https:\/\/influencias.do\/index.php\/wp-json\/wp\/v2\/types\/post"}],"author":[{"embeddable":true,"href":"https:\/\/influencias.do\/index.php\/wp-json\/wp\/v2\/users\/2"}],"replies":[{"embeddable":true,"href":"https:\/\/influencias.do\/index.php\/wp-json\/wp\/v2\/comments?post=30964"}],"version-history":[{"count":0,"href":"https:\/\/influencias.do\/index.php\/wp-json\/wp\/v2\/posts\/30964\/revisions"}],"wp:featuredmedia":[{"embeddable":true,"href":"https:\/\/influencias.do\/index.php\/wp-json\/"}],"wp:attachment":[{"href":"https:\/\/influencias.do\/index.php\/wp-json\/wp\/v2\/media?parent=30964"}],"wp:term":[{"taxonomy":"category","embeddable":true,"href":"https:\/\/influencias.do\/index.php\/wp-json\/wp\/v2\/categories?post=30964"},{"taxonomy":"post_tag","embeddable":true,"href":"https:\/\/influencias.do\/index.php\/wp-json\/wp\/v2\/tags?post=30964"}],"curies":[{"name":"wp","href":"https:\/\/api.w.org\/{rel}","templated":true}]}}