{"id":30956,"date":"2024-04-18T17:20:45","date_gmt":"2024-04-18T21:20:45","guid":{"rendered":"https:\/\/influencias.do\/?p=30956"},"modified":"2024-04-18T17:20:45","modified_gmt":"2024-04-18T21:20:45","slug":"condenan-a-15-anos-de-prision-a-un-hombre-por-abusar-sexualmente-de-su-hijastra-de-13-anos-en-salcedo","status":"publish","type":"post","link":"https:\/\/influencias.do\/index.php\/2024\/04\/18\/condenan-a-15-anos-de-prision-a-un-hombre-por-abusar-sexualmente-de-su-hijastra-de-13-anos-en-salcedo\/","title":{"rendered":"Condenan a 15 a\u00f1os de prisi\u00f3n a un hombre por abusar sexualmente de su hijastra de 13 a\u00f1os en Salcedo"},"content":{"rendered":"<p class=\"x_MsoNoSpacing\">El Ministerio P\u00fablico de esta provincia logr\u00f3 que el Tribunal Colegiado condenara a 15 a\u00f1os de prisi\u00f3n a un hombre hallado culpable de abusar sexualmente de su hijastra, una adolescente de 13 a\u00f1os de edad, en un hecho acontecido en el municipio Salcedo.<\/p>\n<p class=\"x_MsoNoSpacing\">La condena fue dictada por las juezas Biannelys Mart\u00ednez Calvo, Felicia N\u00fa\u00f1ez de Jes\u00fas y Yudelka Buret contra el acusado (nombre omitido para proteger la identidad de la v\u00edctima), quien deber\u00e1 cumplir la sentencia en la c\u00e1rcel p\u00fablica Juana N\u00fa\u00f1ez, del municipio Salcedo, provincia Hermanas Mirabal.<\/p>\n<p class=\"x_MsoNoSpacing\">En el expediente acusatorio, la Unidad de Atenci\u00f3n Integral a la Violencia de G\u00e9nero, Intrafamiliar y Delitos Sexuales, se\u00f1ala que el 18 de abril de 2023, la madre de la menor de edad recibi\u00f3 una llamada de parte de un pariente, quien le inform\u00f3 que su pareja hab\u00eda abusado sexualmente de su hija, lo cual fue confirmado en el transcurso de las pesquisas.<\/p>\n<p class=\"x_MsoNoSpacing\">El Ministerio P\u00fablico resalta que la agresi\u00f3n sexual se produjo en tres ocasiones, cuando la v\u00edctima ten\u00eda 12 a\u00f1os. Indica que la v\u00edctima viv\u00eda con su abuela y cuando esta iba de vacaciones a la casa de su mam\u00e1, el hoy procesado abusaba de ella, bajo fuertes amenazas que afectar\u00edan la integridad de la madre.<\/p>\n<p class=\"x_MsoNoSpacing\">Mediante un comunicado de prensa, el \u00f3rgano persecutor se\u00f1ala que, en el transcurso de la investigaci\u00f3n, la menor de edad fue entrevistada en el Centro de Entrevista para personas en Condici\u00f3n de Vulnerabilidad, ubicado en San Francisco de Macor\u00eds, provincia Duarte, donde manifest\u00f3 que fue abusada por su padrastro y que se manten\u00eda en silencio porque su agresor la amenazaba con hacerle da\u00f1o a su madre.<\/p>\n<p class=\"x_MsoNoSpacing\">El fiscal litigante Gabriel Pierre Rojas, adscrito a dicha Unidad, precis\u00f3 que, la violencia a la que fue sometida la menor de edad, provoc\u00f3 un cuadro depresivo, con trastorno postraum\u00e1tico de ansiedad, afectaciones que dejaron secuelas f\u00edsicas y psicol\u00f3gicas relevantes, seg\u00fan lo establecen las experticias realizadas.<\/p>\n<p class=\"x_MsoNoSpacing\">El Ministerio P\u00fablico de esta provincia inform\u00f3 que De la Cruz Germ\u00e1n fue condenado por violar las disposiciones de los art\u00edculos 331 y 332, numerales 1 y 2, del C\u00f3digo Penal Dominicano, modificado por la Ley 24-97, que tipifica y sanciona el abuso sexual, y el art\u00edculo 396, letras B y C, de la Ley 136-03, que crea el C\u00f3digo para la Protecci\u00f3n y los Derechos Fundamentales de los Ni\u00f1os, Ni\u00f1as y Adolescentes.<\/p>\n","protected":false},"excerpt":{"rendered":"<p>El Ministerio P\u00fablico de esta provincia logr\u00f3 que el Tribunal Colegiado condenara a 15 a\u00f1os de prisi\u00f3n a un hombre hallado culpable de abusar sexualmente de su hijastra, una adolescente de 13 a\u00f1os de edad, en un hecho acontecido en el municipio Salcedo. La condena fue dictada por las juezas Biannelys Mart\u00ednez Calvo, Felicia N\u00fa\u00f1ez [&hellip;]<\/p>\n","protected":false},"author":2,"featured_media":3618,"comment_status":"open","ping_status":"open","sticky":false,"template":"","format":"standard","meta":{"_bbp_topic_count":0,"_bbp_reply_count":0,"_bbp_total_topic_count":0,"_bbp_total_reply_count":0,"_bbp_voice_count":0,"_bbp_anonymous_reply_count":0,"_bbp_topic_count_hidden":0,"_bbp_reply_count_hidden":0,"_bbp_forum_subforum_count":0,"content-type":"","iawp_total_views":0,"footnotes":""},"categories":[105],"tags":[],"class_list":{"0":"post-30956","1":"post","2":"type-post","3":"status-publish","4":"format-standard","5":"has-post-thumbnail","7":"category-nacionales"},"_links":{"self":[{"href":"https:\/\/influencias.do\/index.php\/wp-json\/wp\/v2\/posts\/30956","targetHints":{"allow":["GET"]}}],"collection":[{"href":"https:\/\/influencias.do\/index.php\/wp-json\/wp\/v2\/posts"}],"about":[{"href":"https:\/\/influencias.do\/index.php\/wp-json\/wp\/v2\/types\/post"}],"author":[{"embeddable":true,"href":"https:\/\/influencias.do\/index.php\/wp-json\/wp\/v2\/users\/2"}],"replies":[{"embeddable":true,"href":"https:\/\/influencias.do\/index.php\/wp-json\/wp\/v2\/comments?post=30956"}],"version-history":[{"count":0,"href":"https:\/\/influencias.do\/index.php\/wp-json\/wp\/v2\/posts\/30956\/revisions"}],"wp:featuredmedia":[{"embeddable":true,"href":"https:\/\/influencias.do\/index.php\/wp-json\/"}],"wp:attachment":[{"href":"https:\/\/influencias.do\/index.php\/wp-json\/wp\/v2\/media?parent=30956"}],"wp:term":[{"taxonomy":"category","embeddable":true,"href":"https:\/\/influencias.do\/index.php\/wp-json\/wp\/v2\/categories?post=30956"},{"taxonomy":"post_tag","embeddable":true,"href":"https:\/\/influencias.do\/index.php\/wp-json\/wp\/v2\/tags?post=30956"}],"curies":[{"name":"wp","href":"https:\/\/api.w.org\/{rel}","templated":true}]}}