{"id":30684,"date":"2024-04-14T15:39:29","date_gmt":"2024-04-14T19:39:29","guid":{"rendered":"https:\/\/influencias.do\/?p=30684"},"modified":"2024-04-14T15:39:29","modified_gmt":"2024-04-14T19:39:29","slug":"apresan-hombre-por-intento-de-violacion-sexual-contra-una-adolescente-de-13-anos-en-san-juan","status":"publish","type":"post","link":"https:\/\/influencias.do\/index.php\/2024\/04\/14\/apresan-hombre-por-intento-de-violacion-sexual-contra-una-adolescente-de-13-anos-en-san-juan\/","title":{"rendered":"Apresan hombre por intento de violaci\u00f3n sexual contra una adolescente de 13 a\u00f1os en San Juan"},"content":{"rendered":"<p>La Polic\u00eda Nacional, a trav\u00e9s de la Direcci\u00f3n Central de Investigaci\u00f3n (DICRIM), junto a miembros de Prevenci\u00f3n, apresaron a un hombre, mediante orden de arresto, acusado de intentar violar sexualmente a una adolescente de 13 a\u00f1os, en un hecho ocurrido en el sector Villa Esperanza, del municipio Las Matas de Farf\u00e1n, provincia San Juan.<\/p>\n<p>El apresado es Wellington Moreta Bautista (a) Welin, de 40 a\u00f1os, quien fue detenido mediante la orden de arresto No.0653-2024-ESADM-00135, por el suceso antes descrito, el d\u00eda 9 de abril del presente a\u00f1o.<\/p>\n<p>De acuerdo con la denuncia, el detenido aprovech\u00f3 que la adolescente se encontraba sola en la residencia y entr\u00f3 a la habitaci\u00f3n donde la menor dorm\u00eda, agarr\u00e1ndola por el cuello y tap\u00e1ndole la boca con el fin de abusar de ella, no logrando su objetivo.<\/p>\n<p>El apresado fue puesto bajo control del Ministerio P\u00fablico, para los fines legales correspondientes.<\/p>\n","protected":false},"excerpt":{"rendered":"<p>La Polic\u00eda Nacional, a trav\u00e9s de la Direcci\u00f3n Central de Investigaci\u00f3n (DICRIM), junto a miembros de Prevenci\u00f3n, apresaron a un hombre, mediante orden de arresto, acusado de intentar violar sexualmente a una adolescente de 13 a\u00f1os, en un hecho ocurrido en el sector Villa Esperanza, del municipio Las Matas de Farf\u00e1n, provincia San Juan. El [&hellip;]<\/p>\n","protected":false},"author":2,"featured_media":3288,"comment_status":"open","ping_status":"open","sticky":false,"template":"","format":"standard","meta":{"_bbp_topic_count":0,"_bbp_reply_count":0,"_bbp_total_topic_count":0,"_bbp_total_reply_count":0,"_bbp_voice_count":0,"_bbp_anonymous_reply_count":0,"_bbp_topic_count_hidden":0,"_bbp_reply_count_hidden":0,"_bbp_forum_subforum_count":0,"content-type":"","iawp_total_views":0,"footnotes":""},"categories":[105],"tags":[],"class_list":{"0":"post-30684","1":"post","2":"type-post","3":"status-publish","4":"format-standard","5":"has-post-thumbnail","7":"category-nacionales"},"_links":{"self":[{"href":"https:\/\/influencias.do\/index.php\/wp-json\/wp\/v2\/posts\/30684","targetHints":{"allow":["GET"]}}],"collection":[{"href":"https:\/\/influencias.do\/index.php\/wp-json\/wp\/v2\/posts"}],"about":[{"href":"https:\/\/influencias.do\/index.php\/wp-json\/wp\/v2\/types\/post"}],"author":[{"embeddable":true,"href":"https:\/\/influencias.do\/index.php\/wp-json\/wp\/v2\/users\/2"}],"replies":[{"embeddable":true,"href":"https:\/\/influencias.do\/index.php\/wp-json\/wp\/v2\/comments?post=30684"}],"version-history":[{"count":0,"href":"https:\/\/influencias.do\/index.php\/wp-json\/wp\/v2\/posts\/30684\/revisions"}],"wp:featuredmedia":[{"embeddable":true,"href":"https:\/\/influencias.do\/index.php\/wp-json\/"}],"wp:attachment":[{"href":"https:\/\/influencias.do\/index.php\/wp-json\/wp\/v2\/media?parent=30684"}],"wp:term":[{"taxonomy":"category","embeddable":true,"href":"https:\/\/influencias.do\/index.php\/wp-json\/wp\/v2\/categories?post=30684"},{"taxonomy":"post_tag","embeddable":true,"href":"https:\/\/influencias.do\/index.php\/wp-json\/wp\/v2\/tags?post=30684"}],"curies":[{"name":"wp","href":"https:\/\/api.w.org\/{rel}","templated":true}]}}