{"id":30093,"date":"2024-04-01T18:49:18","date_gmt":"2024-04-01T22:49:18","guid":{"rendered":"https:\/\/influencias.do\/?p=30093"},"modified":"2024-04-01T18:49:18","modified_gmt":"2024-04-01T22:49:18","slug":"ocho-paises-estan-en-rd-para-campeonato-panamericano-clasificatorio-rumbo-a-paris-2024","status":"publish","type":"post","link":"https:\/\/influencias.do\/index.php\/2024\/04\/01\/ocho-paises-estan-en-rd-para-campeonato-panamericano-clasificatorio-rumbo-a-paris-2024\/","title":{"rendered":"Ocho pa\u00edses est\u00e1n en RD para Campeonato Panamericano clasificatorio rumbo a Par\u00eds 2024"},"content":{"rendered":"<p>Ecuador, Bolivia, Puerto Rico, Surinam, Hait\u00ed, Venezuela, Cuba y Aruba figuran entre los pa\u00edses que ya\u00a0<strong>se encuentran en Rep\u00fablica Dominicana<\/strong>\u00a0para competir en el\u00a0<strong>Campamento de Taekwondo<\/strong>\u00a0que dio inicio este\u00a0<strong>lunes<\/strong>, como antesala del\u00a0<strong>Campeonato Panamericano clasificatorio<\/strong>\u00a0para\u00a0<strong>Par\u00eds 2024<\/strong>, a celebrarse el 9, 10 y 11 de este mes.<\/p>\n<p>La informaci\u00f3n la ofreci\u00f3\u00a0<strong>Jos\u00e9 Paulino<\/strong>, directivo de la<strong>\u00a0Federaci\u00f3n Dominicana de Taekwondo (Fedotae)<\/strong>\u00a0y miembro del\u00a0<strong>Comit\u00e9 Organizador del campamento y del panamericano<\/strong>, as\u00ed como del\u00a0<strong>Open de esa disciplina<\/strong>\u00a0que se realizar\u00e1 los d\u00edas\u00a0<strong>12, 13 y 14 de abril<\/strong>.<\/p>\n<p>El campamento se desarrolla en el\u00a0<strong>Albergue Ol\u00edmpico Dominicano (Alodom)<\/strong>, que ofrece todas las condiciones para los entrenamientos de los<strong>\u00a0atletas de taekwondo<\/strong>, afirm\u00f3 Paulino.<\/p>\n<p>Adelant\u00f3 que este mismo lunes arrib\u00f3 al pa\u00eds el equipo de Puerto Rico y que entre el martes y el mi\u00e9rcoles lo har\u00e1n unos nueve selectivos, que han confirmado su participaci\u00f3n.<\/p>\n<p>El Campeonato Panamericano es organizado por la\u00a0<strong>Fedotae<\/strong>, bajo los auspicios de la\u00a0<strong>Federaci\u00f3n Mundial de Taekwondo<\/strong>.<\/p>\n<p>Este martes se celebrar\u00e1 una\u00a0<strong>rueda de prensa<\/strong>, a las<strong>\u00a010:30 de la ma\u00f1ana<\/strong>, en el\u00a0<strong>Albergue Ol\u00edmpico<\/strong>, para ofrecer detalles del campamento.<\/p>\n<p>Las selecciones aprovechar\u00e1n el campamento para ponerse a punto con lo que ser\u00e1n las competiciones del<strong>\u00a0Campeonato Panamericano<\/strong>, donde se definir\u00e1n\u00a0<strong>16 boletos<\/strong>\u00a0a los\u00a0<strong>Juegos Ol\u00edmpicos de Par\u00eds<\/strong>.<\/p>\n<h4>Se disputar\u00e1n 16 cupos<\/h4>\n<p>En el Campeonato Panamericano clasificatorio a Par\u00eds 2024 se disputar\u00e1n\u00a0<strong>16 boletos<\/strong>,<strong>\u00a0ocho<\/strong>\u00a0en la<strong>\u00a0categor\u00eda masculina<\/strong>\u00a0e igual n\u00famero en<strong>\u00a0femenino<\/strong>.<\/p>\n<p>Cada equipo estar\u00e1 conformado por\u00a0<strong>cuatro atletas<\/strong>,\u00a0<strong>dos en cada sexo<\/strong>. En el evento se disputar\u00e1n cuatro categor\u00edas en masculino y otras cuatro en femenino.<\/p>\n<p>El clasificatorio se celebrar\u00e1 en el\u00a0<strong>Palacio de Voleibol Ricardo (Gioriver) Arias<\/strong>, del\u00a0<strong>Centro Ol\u00edmpico Juan Pablo Duarte<\/strong>. En ese mismo lugar se realizar\u00e1 el\u00a0<strong>Open de Taekwondo<\/strong>, donde se reunir\u00e1n competidores de varias partes del mundo que\u00a0<strong>buscan aumentar sus n\u00fameros en el ranking internacional<\/strong>.<\/p>\n","protected":false},"excerpt":{"rendered":"<p>Ecuador, Bolivia, Puerto Rico, Surinam, Hait\u00ed, Venezuela, Cuba y Aruba figuran entre los pa\u00edses que ya\u00a0se encuentran en Rep\u00fablica Dominicana\u00a0para competir en el\u00a0Campamento de Taekwondo\u00a0que dio inicio este\u00a0lunes, como antesala del\u00a0Campeonato Panamericano clasificatorio\u00a0para\u00a0Par\u00eds 2024, a celebrarse el 9, 10 y 11 de este mes. La informaci\u00f3n la ofreci\u00f3\u00a0Jos\u00e9 Paulino, directivo de la\u00a0Federaci\u00f3n Dominicana de Taekwondo [&hellip;]<\/p>\n","protected":false},"author":2,"featured_media":30095,"comment_status":"open","ping_status":"open","sticky":false,"template":"","format":"standard","meta":{"_bbp_topic_count":0,"_bbp_reply_count":0,"_bbp_total_topic_count":0,"_bbp_total_reply_count":0,"_bbp_voice_count":0,"_bbp_anonymous_reply_count":0,"_bbp_topic_count_hidden":0,"_bbp_reply_count_hidden":0,"_bbp_forum_subforum_count":0,"content-type":"","iawp_total_views":0,"footnotes":""},"categories":[123],"tags":[],"class_list":{"0":"post-30093","1":"post","2":"type-post","3":"status-publish","4":"format-standard","5":"has-post-thumbnail","7":"category-deportes"},"_links":{"self":[{"href":"https:\/\/influencias.do\/index.php\/wp-json\/wp\/v2\/posts\/30093","targetHints":{"allow":["GET"]}}],"collection":[{"href":"https:\/\/influencias.do\/index.php\/wp-json\/wp\/v2\/posts"}],"about":[{"href":"https:\/\/influencias.do\/index.php\/wp-json\/wp\/v2\/types\/post"}],"author":[{"embeddable":true,"href":"https:\/\/influencias.do\/index.php\/wp-json\/wp\/v2\/users\/2"}],"replies":[{"embeddable":true,"href":"https:\/\/influencias.do\/index.php\/wp-json\/wp\/v2\/comments?post=30093"}],"version-history":[{"count":0,"href":"https:\/\/influencias.do\/index.php\/wp-json\/wp\/v2\/posts\/30093\/revisions"}],"wp:featuredmedia":[{"embeddable":true,"href":"https:\/\/influencias.do\/index.php\/wp-json\/"}],"wp:attachment":[{"href":"https:\/\/influencias.do\/index.php\/wp-json\/wp\/v2\/media?parent=30093"}],"wp:term":[{"taxonomy":"category","embeddable":true,"href":"https:\/\/influencias.do\/index.php\/wp-json\/wp\/v2\/categories?post=30093"},{"taxonomy":"post_tag","embeddable":true,"href":"https:\/\/influencias.do\/index.php\/wp-json\/wp\/v2\/tags?post=30093"}],"curies":[{"name":"wp","href":"https:\/\/api.w.org\/{rel}","templated":true}]}}