{"id":26849,"date":"2024-01-21T14:26:41","date_gmt":"2024-01-21T18:26:41","guid":{"rendered":"https:\/\/influencias.do\/?p=26849"},"modified":"2024-01-21T14:26:41","modified_gmt":"2024-01-21T18:26:41","slug":"presidente-abinader-asiste-a-eucaristia-en-honor-a-la-virgen-de-la-altagracia","status":"publish","type":"post","link":"https:\/\/influencias.do\/index.php\/2024\/01\/21\/presidente-abinader-asiste-a-eucaristia-en-honor-a-la-virgen-de-la-altagracia\/","title":{"rendered":"Presidente Abinader asiste a eucarist\u00eda en honor a la Virgen de La\u00a0Altagracia"},"content":{"rendered":"<p>El presidente Luis Abinader, junto a la primera dama Raquel Arbaje, asisti\u00f3 este domingo a la tradicional eucarist\u00eda de acci\u00f3n de gracias al celebrarse el D\u00eda de Nuestra Se\u00f1ora de La Altagracia, madre y protectora del pueblo dominicano.<\/p>\n<p>La misma tuvo lugar en la Bas\u00edlica Catedral Nuestra Se\u00f1ora de La Altagracia, en Hig\u00fcey, donde se congregan miles de feligreses cada a\u00f1o y fue oficiada por el nuncio apost\u00f3lico, monse\u00f1or Piergiorgio Bertoldi.<\/p>\n<p>Entre las peticiones presentadas por el clero a la protectora de todos los dominicanos y dominicanas, estuvieron la sabidur\u00eda y fortaleza de las autoridades para gobernar con equidad y justicia.<\/p>\n<p>En la celebraci\u00f3n eucar\u00edstica, el nuncio apost\u00f3lico estuvo acompa\u00f1ado por el obispo de la Di\u00f3cesis de Nuestra Se\u00f1ora de La Altagracia, Jes\u00fas Castro Marte.<\/p>\n<p>El mandatario arrib\u00f3 a las 10:00 de la ma\u00f1ana y de inmediato recibi\u00f3 los honores militares, junto a la vicepresidenta Raquel Pe\u00f1a y la gobernadora de la provincia, Martina Pep\u00e9n.<\/p>\n<p>Al concluir la eucarist\u00eda, el jefe de Estado visit\u00f3 el Museo de la Altagracia, Alejandro E. Grull\u00f3n, y posteriormente sostuvo un almuerzo en el Obispado Nuestra Se\u00f1ora de la Altagracia.<\/p>\n<p>Estuvieron presentes, los ministros, de la Presidencia, Joel Santos; de Industria, Comercio y MiPymes, V\u00edctor -Ito- Bison\u00f3, de la Vivienda, Carlos Bonilla; el senador Virgilio Cedano; los directores, de la Polic\u00eda, Ram\u00f3n Antonio Guzm\u00e1n Peralta; de la DIGESETT, Francisco Ozoria de la Cruz; de Politur, Minoru Matsunaga.<\/p>\n","protected":false},"excerpt":{"rendered":"<p>El presidente Luis Abinader, junto a la primera dama Raquel Arbaje, asisti\u00f3 este domingo a la tradicional eucarist\u00eda de acci\u00f3n de gracias al celebrarse el D\u00eda de Nuestra Se\u00f1ora de La Altagracia, madre y protectora del pueblo dominicano. La misma tuvo lugar en la Bas\u00edlica Catedral Nuestra Se\u00f1ora de La Altagracia, en Hig\u00fcey, donde se [&hellip;]<\/p>\n","protected":false},"author":4,"featured_media":26851,"comment_status":"open","ping_status":"open","sticky":false,"template":"","format":"standard","meta":{"_bbp_topic_count":0,"_bbp_reply_count":0,"_bbp_total_topic_count":0,"_bbp_total_reply_count":0,"_bbp_voice_count":0,"_bbp_anonymous_reply_count":0,"_bbp_topic_count_hidden":0,"_bbp_reply_count_hidden":0,"_bbp_forum_subforum_count":0,"content-type":"","iawp_total_views":0,"footnotes":""},"categories":[108,105],"tags":[2888,2889,2890,2891],"class_list":{"0":"post-26849","1":"post","2":"type-post","3":"status-publish","4":"format-standard","5":"has-post-thumbnail","7":"category-mas-vistas","8":"category-nacionales","9":"tag-basilica","10":"tag-dia-virgen-de-la-altagracia","11":"tag-eucaristia","12":"tag-feligreses"},"_links":{"self":[{"href":"https:\/\/influencias.do\/index.php\/wp-json\/wp\/v2\/posts\/26849","targetHints":{"allow":["GET"]}}],"collection":[{"href":"https:\/\/influencias.do\/index.php\/wp-json\/wp\/v2\/posts"}],"about":[{"href":"https:\/\/influencias.do\/index.php\/wp-json\/wp\/v2\/types\/post"}],"author":[{"embeddable":true,"href":"https:\/\/influencias.do\/index.php\/wp-json\/wp\/v2\/users\/4"}],"replies":[{"embeddable":true,"href":"https:\/\/influencias.do\/index.php\/wp-json\/wp\/v2\/comments?post=26849"}],"version-history":[{"count":0,"href":"https:\/\/influencias.do\/index.php\/wp-json\/wp\/v2\/posts\/26849\/revisions"}],"wp:featuredmedia":[{"embeddable":true,"href":"https:\/\/influencias.do\/index.php\/wp-json\/"}],"wp:attachment":[{"href":"https:\/\/influencias.do\/index.php\/wp-json\/wp\/v2\/media?parent=26849"}],"wp:term":[{"taxonomy":"category","embeddable":true,"href":"https:\/\/influencias.do\/index.php\/wp-json\/wp\/v2\/categories?post=26849"},{"taxonomy":"post_tag","embeddable":true,"href":"https:\/\/influencias.do\/index.php\/wp-json\/wp\/v2\/tags?post=26849"}],"curies":[{"name":"wp","href":"https:\/\/api.w.org\/{rel}","templated":true}]}}