{"id":25045,"date":"2023-12-12T12:10:31","date_gmt":"2023-12-12T16:10:31","guid":{"rendered":"https:\/\/influencias.do\/?p=25045"},"modified":"2023-12-12T12:10:31","modified_gmt":"2023-12-12T16:10:31","slug":"anuncian-apertura-de-primera-maestria-en-gestion-publica-y-gobernanza-dirigida-a-servidores-publicos","status":"publish","type":"post","link":"https:\/\/influencias.do\/index.php\/2023\/12\/12\/anuncian-apertura-de-primera-maestria-en-gestion-publica-y-gobernanza-dirigida-a-servidores-publicos\/","title":{"rendered":"Anuncian apertura de primera maestr\u00eda en Gesti\u00f3n P\u00fablica y Gobernanza dirigida a servidores p\u00fablicos"},"content":{"rendered":"\n<p>El Instituto Nacional de Administraci\u00f3n P\u00fablica (INAP) anunci\u00f3 este martes la apertura de la primera Maestr\u00eda en Gesti\u00f3n P\u00fablica y Gobernanza, en colaboraci\u00f3n con el Ministerio de Administraci\u00f3n P\u00fablica (MAP) y la prestigiosa Universidad Aut\u00f3noma de Santo Domingo (UASD). <\/p>\n\n\n\n<p>Este innovador programa cuenta con el decidido respaldo y financiamiento de la Presidencia de la Rep\u00fablica, en l\u00ednea con la visi\u00f3n del Presidente Luis Abinader de fortalecer el servicio p\u00fablico a trav\u00e9s de la formaci\u00f3n de profesionales altamente capacitados.<\/p>\n\n\n\n<p>La Maestr\u00eda en Gesti\u00f3n P\u00fablica y Gobernanza, que ser\u00e1 impartida bajo la modalidad semi-presencial, tiene como objetivo principal elevar el nivel de conocimientos y habilidades de los funcionarios p\u00fablicos de mandos medios. <\/p>\n\n\n\n<p>Este programa pionero incluir\u00e1 especialidades clave como Gesti\u00f3n Financiera y Finanzas P\u00fablicas, Gesti\u00f3n de Proyectos en el Sector P\u00fablico, Gesti\u00f3n de Innovaci\u00f3n y Transformaci\u00f3n Digital, as\u00ed como Gesti\u00f3n de Recursos Humanos Gubernamentales.<\/p>\n\n\n\n<p>Con un alcance que abarcar\u00e1 Santo Domingo, Santiago, San Francisco de Macor\u00eds, Higuey y San Juan, la maestr\u00eda brindar\u00e1 la oportunidad de formaci\u00f3n a un amplio. grupo de servidores p\u00fablicos comprometidos con el servicio a la comunidad.<\/p>\n\n\n\n<p>Inscripciones Abiertas Hasta el 22 de Diciembre de 2023<\/p>\n\n\n\n<p>Las inscripciones para participar en esta Maestr\u00eda estar\u00e1n abiertas hasta el 20 de diciembre de 2023. Se espera seleccionar a alrededor de 300 participantes, quienes iniciar\u00e1n sus clases en enero de 2024. <\/p>\n\n\n\n<p>La duraci\u00f3n del programa est\u00e1 estimada en aproximadamente 18 meses, durante los cuales los participantes recibir\u00e1n una formaci\u00f3n integral que fortalecer\u00e1 sus capacidades para enfrentar los desaf\u00edos actuales y futuros en la gesti\u00f3n p\u00fablica.<\/p>\n\n\n\n<p>Cristian S\u00e1nchez Reyes, Director del INAP, resalta la importancia de esta iniciativa al afirmar que &#8220;la apertura de esta primera Maestr\u00eda en Gesti\u00f3n P\u00fablica y Gobemanza marca un hito significativo en el fortalecimiento de nuestras instituciones p\u00fablicas. <\/p>\n\n\n\n<p>Este programa, respaldado por la Presidencia de la Rep\u00fablica, refleja el compromiso del gobierno de Luis Abinader de contar con servidores p\u00fablicos cada vez mejor formados, capaces de liderar una gesti\u00f3n p\u00fablica eficiente al servicio de la gente&#8221;.<\/p>\n\n\n\n<p>Sobre el INAP<\/p>\n\n\n\n<p>El Instituto Nacional de Administraci\u00f3n P\u00fablica (INAP) es una entidad comprometida. con la excelencia en la formaci\u00f3n y desarrollo de los recursos humanos del sector p\u00fablico. <\/p>\n\n\n\n<p>Con esta Maestr\u00eda, el INAP busca contribuir al avance y modernizaci\u00f3n de la administraci\u00f3n p\u00fablica, consolidando el compromiso del gobierno dominicano con la mejora continua.<\/p>\n\n\n\n<p>Para obtener m\u00e1s informaci\u00f3n sobre la Maestria en Gesti\u00f3n P\u00fablica y Gobemanza, los interesados pueden visitar www.inap.gob.do o ponerse en contacto con la instituci\u00f3n a trav\u00e9s del tel\u00e9fono 809-689-8955, extensiones 262 y 297.<\/p>\n","protected":false},"excerpt":{"rendered":"<p>El Instituto Nacional de Administraci\u00f3n P\u00fablica (INAP) anunci\u00f3 este martes la apertura de la primera Maestr\u00eda en Gesti\u00f3n P\u00fablica y Gobernanza, en colaboraci\u00f3n con el Ministerio de Administraci\u00f3n P\u00fablica (MAP) y la prestigiosa Universidad Aut\u00f3noma de Santo Domingo (UASD). Este innovador programa cuenta con el decidido respaldo y financiamiento de la Presidencia de la Rep\u00fablica, [&hellip;]<\/p>\n","protected":false},"author":2,"featured_media":25047,"comment_status":"open","ping_status":"open","sticky":false,"template":"","format":"standard","meta":{"_bbp_topic_count":0,"_bbp_reply_count":0,"_bbp_total_topic_count":0,"_bbp_total_reply_count":0,"_bbp_voice_count":0,"_bbp_anonymous_reply_count":0,"_bbp_topic_count_hidden":0,"_bbp_reply_count_hidden":0,"_bbp_forum_subforum_count":0,"content-type":"","iawp_total_views":0,"footnotes":""},"categories":[105],"tags":[],"class_list":{"0":"post-25045","1":"post","2":"type-post","3":"status-publish","4":"format-standard","5":"has-post-thumbnail","7":"category-nacionales"},"_links":{"self":[{"href":"https:\/\/influencias.do\/index.php\/wp-json\/wp\/v2\/posts\/25045","targetHints":{"allow":["GET"]}}],"collection":[{"href":"https:\/\/influencias.do\/index.php\/wp-json\/wp\/v2\/posts"}],"about":[{"href":"https:\/\/influencias.do\/index.php\/wp-json\/wp\/v2\/types\/post"}],"author":[{"embeddable":true,"href":"https:\/\/influencias.do\/index.php\/wp-json\/wp\/v2\/users\/2"}],"replies":[{"embeddable":true,"href":"https:\/\/influencias.do\/index.php\/wp-json\/wp\/v2\/comments?post=25045"}],"version-history":[{"count":0,"href":"https:\/\/influencias.do\/index.php\/wp-json\/wp\/v2\/posts\/25045\/revisions"}],"wp:featuredmedia":[{"embeddable":true,"href":"https:\/\/influencias.do\/index.php\/wp-json\/"}],"wp:attachment":[{"href":"https:\/\/influencias.do\/index.php\/wp-json\/wp\/v2\/media?parent=25045"}],"wp:term":[{"taxonomy":"category","embeddable":true,"href":"https:\/\/influencias.do\/index.php\/wp-json\/wp\/v2\/categories?post=25045"},{"taxonomy":"post_tag","embeddable":true,"href":"https:\/\/influencias.do\/index.php\/wp-json\/wp\/v2\/tags?post=25045"}],"curies":[{"name":"wp","href":"https:\/\/api.w.org\/{rel}","templated":true}]}}