{"id":23752,"date":"2023-11-19T11:38:21","date_gmt":"2023-11-19T15:38:21","guid":{"rendered":"https:\/\/influencias.do\/?p=23752"},"modified":"2023-11-19T11:38:21","modified_gmt":"2023-11-19T15:38:21","slug":"elecciones-en-argentina-abren-los-centros-de-votacion-para-la-segunda-vuelta-de-las-presidenciales","status":"publish","type":"post","link":"https:\/\/influencias.do\/index.php\/2023\/11\/19\/elecciones-en-argentina-abren-los-centros-de-votacion-para-la-segunda-vuelta-de-las-presidenciales\/","title":{"rendered":"Elecciones en Argentina: abren los centros de votaci\u00f3n para la segunda vuelta de las presidenciales"},"content":{"rendered":"\n<p>&nbsp;Los colegios electorales de Argentina abrieron a las 08.00 horas (11.00 GMT) de este domingo para la segunda vuelta de las elecciones que deber\u00e1n decidir presidente y vicepresidente entre la f\u00f3rmula oficialista Uni\u00f3n por la Patria (peronista) y la opositora de La Libertad Avanza (ultraderecha).<br><br>El candidato oficialista es el actual ministro de Econom\u00eda, Sergio Massa, quien concurre acompa\u00f1ado por el actual jefe de Gabinete, Agust\u00edn Rossi.<\/p>\n\n\n\n<p>Enfrente estar\u00e1n los diputados opositores ultraderechistas Javier Milei y Victoria Villarruel, para saber qu\u00e9 f\u00f3rmula presidir\u00e1 el pa\u00eds desde el 10 de diciembre por el per\u00edodo 2023-2027.<br><br>Unos 35,8 millones de argentinos est\u00e1n convocados a votar con sufragio obligatorio para ciudadanos entre 18 y 70 a\u00f1os y optativo para quienes superen esa edad y para los adolescentes de 16 y 17 a\u00f1os, adem\u00e1s de para residentes en el exterior.<\/p>\n\n\n\n<p>Ambos candidatos a presidente llegaron al balotaje despu\u00e9s de que en la primera vuelta Massa obtuviera un 36,78 % de los votos y Milei, un 29,99 %.<\/p>\n\n\n\n<p>El resto de los argentinos que no vot\u00f3 a esos candidatos tiene que optar hoy por alguno de los dos, por lo que se observa con atenci\u00f3n el voto en blanco y la asistencia en un domingo que cae en medio de un fin de semana largo, porque el lunes es feriado.<\/p>\n\n\n\n<h2 class=\"wp-block-heading\" id=\"h-massa-promete-una-nueva-etapa\">Massa promete una nueva etapa<\/h2>\n\n\n\n<p>El candidato oficialista busc\u00f3 mostrar que el 10 de diciembre comienza una nueva etapa en Argentina, ya que es el ministro de Econom\u00eda de un pa\u00eds que en octubre alcanz\u00f3 una inflaci\u00f3n del 142,7 % y busc\u00f3 diferenciarse de la gesti\u00f3n del actual presidente Alberto Fern\u00e1ndez, y de la figura de la vicepresidenta y exmandataria (2007-2015), Cristina Fern\u00e1ndez.<\/p>\n\n\n\n<p>Massa propuso terminar con la grieta ideol\u00f3gica que sufre el pa\u00eds y armar un \u201cgobierno de unidad nacional\u201d para el que anticip\u00f3 que convocar\u00e1 a dirigentes de la oposici\u00f3n.<\/p>\n\n\n\n<h2 class=\"wp-block-heading\" id=\"h-milei-aboga-por-el-cambio\">Milei aboga por el cambio<\/h2>\n\n\n\n<p>Milei es un economista que se califica de libertario y hace elegir al electorado entre \u201ccontinuidad o cambio\u201d, despu\u00e9s de que le quit\u00f3 esa bandera a la coalici\u00f3n opositora Juntos por el Cambio, aunque obtuvo luego el apoyo de la candidata perdedora de ese espacio, Patricia Bullrich, y del expresidente Mauricio Macri (2015-2019).<\/p>\n\n\n\n<p>El \u00b4outsider\u00b4 caracterizado popularmente como el \u201cloco\u201d, por sus reacciones, insiste en que \u201cuna Argentina distinta es imposible con los mismos de siempre\u201d, tiene un discurso contra \u201cla casta\u201d pol\u00edtica y propone un recorte del gasto p\u00fablico y la dolarizaci\u00f3n de la econom\u00eda.<\/p>\n\n\n\n<p>Si bien la fuerza opositora difundi\u00f3 sospechas de fraude, la C\u00e1mara Nacional Electoral afirm\u00f3 el s\u00e1bado que no existe ning\u00fan hecho que justifique esa preocupaci\u00f3n.<\/p>\n\n\n\n<h2 class=\"wp-block-heading\" id=\"h-el-voto-joven-clave\">El voto joven, clave<\/h2>\n\n\n\n<p>Muchos argentinos asisten con emoci\u00f3n a votar en un a\u00f1o que se cumplen 40 a\u00f1os continuados de democracia, luego del fin de la \u00faltima dictadura militar (1976-1983), en una elecci\u00f3n que en la que resulta clave el voto de los j\u00f3venes.<\/p>\n\n\n\n<p>&nbsp;El Gobierno actual es el responsable del escrutinio provisional que se efectuar\u00e1 en la noche de este domingo, en tanto el escrutinio definitivo, a cargo de la Justicia electoral y el \u00fanico con validez legal, se iniciar\u00e1 el martes pr\u00f3ximo.<\/p>\n","protected":false},"excerpt":{"rendered":"<p>&nbsp;Los colegios electorales de Argentina abrieron a las 08.00 horas (11.00 GMT) de este domingo para la segunda vuelta de las elecciones que deber\u00e1n decidir presidente y vicepresidente entre la f\u00f3rmula oficialista Uni\u00f3n por la Patria (peronista) y la opositora de La Libertad Avanza (ultraderecha). El candidato oficialista es el actual ministro de Econom\u00eda, Sergio [&hellip;]<\/p>\n","protected":false},"author":2,"featured_media":23754,"comment_status":"open","ping_status":"open","sticky":false,"template":"","format":"standard","meta":{"_bbp_topic_count":0,"_bbp_reply_count":0,"_bbp_total_topic_count":0,"_bbp_total_reply_count":0,"_bbp_voice_count":0,"_bbp_anonymous_reply_count":0,"_bbp_topic_count_hidden":0,"_bbp_reply_count_hidden":0,"_bbp_forum_subforum_count":0,"content-type":"","iawp_total_views":0,"footnotes":""},"categories":[109],"tags":[],"class_list":{"0":"post-23752","1":"post","2":"type-post","3":"status-publish","4":"format-standard","5":"has-post-thumbnail","7":"category-internacionales"},"_links":{"self":[{"href":"https:\/\/influencias.do\/index.php\/wp-json\/wp\/v2\/posts\/23752","targetHints":{"allow":["GET"]}}],"collection":[{"href":"https:\/\/influencias.do\/index.php\/wp-json\/wp\/v2\/posts"}],"about":[{"href":"https:\/\/influencias.do\/index.php\/wp-json\/wp\/v2\/types\/post"}],"author":[{"embeddable":true,"href":"https:\/\/influencias.do\/index.php\/wp-json\/wp\/v2\/users\/2"}],"replies":[{"embeddable":true,"href":"https:\/\/influencias.do\/index.php\/wp-json\/wp\/v2\/comments?post=23752"}],"version-history":[{"count":0,"href":"https:\/\/influencias.do\/index.php\/wp-json\/wp\/v2\/posts\/23752\/revisions"}],"wp:featuredmedia":[{"embeddable":true,"href":"https:\/\/influencias.do\/index.php\/wp-json\/"}],"wp:attachment":[{"href":"https:\/\/influencias.do\/index.php\/wp-json\/wp\/v2\/media?parent=23752"}],"wp:term":[{"taxonomy":"category","embeddable":true,"href":"https:\/\/influencias.do\/index.php\/wp-json\/wp\/v2\/categories?post=23752"},{"taxonomy":"post_tag","embeddable":true,"href":"https:\/\/influencias.do\/index.php\/wp-json\/wp\/v2\/tags?post=23752"}],"curies":[{"name":"wp","href":"https:\/\/api.w.org\/{rel}","templated":true}]}}