{"id":21871,"date":"2023-10-24T08:55:25","date_gmt":"2023-10-24T12:55:25","guid":{"rendered":"https:\/\/influencias.do\/?p=21871"},"modified":"2023-10-24T08:55:25","modified_gmt":"2023-10-24T12:55:25","slug":"pdp-proclama-a-luis-abinader-como-su-candidato-presidencial-para-las-elecciones-2024","status":"publish","type":"post","link":"https:\/\/influencias.do\/index.php\/2023\/10\/24\/pdp-proclama-a-luis-abinader-como-su-candidato-presidencial-para-las-elecciones-2024\/","title":{"rendered":"PDP proclama a Luis Abinader como su candidato presidencial para las elecciones 2024"},"content":{"rendered":"\n<p>Santo Domingo.- El <strong>Partido Dem\u00f3crata Popular (PDP)<\/strong> proclam\u00f3 al presidente<strong> Luis Abinader <\/strong>como su candidato presidencial para las elecciones de 2024 en el marco de su Asamblea Nacional de Delegados.<\/p>\n\n\n\n<p>En la asamblea, celebrada en el Sal\u00f3n la Mancha del Hotel Lina Barcel\u00f3, de la capital, se ratific\u00f3 por unanimidad la decisi\u00f3n del Comit\u00e9 Pol\u00edtico, en su resoluci\u00f3n del 2023, para elegir a su candidato a la Presidencia de la Rep\u00fablica con miras a los comicios venideros.<\/p>\n\n\n\n<p>El discurso central del acto estuvo a cargo del presidente del PDP, doctor Nelson Didiez Nadal, quien resalt\u00f3 que los candidatos del Partido Revolucionario Moderno (PRM) \u201crepresentan la mejor opci\u00f3n para gobernar la naci\u00f3n dominicana durante los pr\u00f3ximos cuatro a\u00f1os, de cara a un panorama sombr\u00edo de la situaci\u00f3n mundial\u201d.<\/p>\n\n\n\n<p>\u201cLa opci\u00f3n de un PRM unitario, confiable, met\u00f3dico y disciplinado; un candidato presidencial organizador, una gran coalici\u00f3n de partidos de amplio espectro democr\u00e1tico y un pueblo que espera por la redenci\u00f3n final de su dignidad, constituyen el entroncamiento mismo de un futuro de promisi\u00f3n\u201d, dijo.<\/p>\n\n\n\n<p>El doctor Didiez Nadal le tom\u00f3 el juramento al licenciado Luis Abinader Corona como su candidato presidencial para las elecciones del pr\u00f3ximo a\u00f1o, seguido de una&nbsp; estruendosa ovaci\u00f3n.<\/p>\n","protected":false},"excerpt":{"rendered":"<p>Santo Domingo.- El Partido Dem\u00f3crata Popular (PDP) proclam\u00f3 al presidente Luis Abinader como su candidato presidencial para las elecciones de 2024 en el marco de su Asamblea Nacional de Delegados. En la asamblea, celebrada en el Sal\u00f3n la Mancha del Hotel Lina Barcel\u00f3, de la capital, se ratific\u00f3 por unanimidad la decisi\u00f3n del Comit\u00e9 Pol\u00edtico, [&hellip;]<\/p>\n","protected":false},"author":2,"featured_media":21873,"comment_status":"open","ping_status":"open","sticky":false,"template":"","format":"standard","meta":{"_bbp_topic_count":0,"_bbp_reply_count":0,"_bbp_total_topic_count":0,"_bbp_total_reply_count":0,"_bbp_voice_count":0,"_bbp_anonymous_reply_count":0,"_bbp_topic_count_hidden":0,"_bbp_reply_count_hidden":0,"_bbp_forum_subforum_count":0,"content-type":"","iawp_total_views":0,"footnotes":""},"categories":[106],"tags":[147],"class_list":{"0":"post-21871","1":"post","2":"type-post","3":"status-publish","4":"format-standard","5":"has-post-thumbnail","7":"category-politica","8":"tag-luis-abinader"},"_links":{"self":[{"href":"https:\/\/influencias.do\/index.php\/wp-json\/wp\/v2\/posts\/21871","targetHints":{"allow":["GET"]}}],"collection":[{"href":"https:\/\/influencias.do\/index.php\/wp-json\/wp\/v2\/posts"}],"about":[{"href":"https:\/\/influencias.do\/index.php\/wp-json\/wp\/v2\/types\/post"}],"author":[{"embeddable":true,"href":"https:\/\/influencias.do\/index.php\/wp-json\/wp\/v2\/users\/2"}],"replies":[{"embeddable":true,"href":"https:\/\/influencias.do\/index.php\/wp-json\/wp\/v2\/comments?post=21871"}],"version-history":[{"count":0,"href":"https:\/\/influencias.do\/index.php\/wp-json\/wp\/v2\/posts\/21871\/revisions"}],"wp:featuredmedia":[{"embeddable":true,"href":"https:\/\/influencias.do\/index.php\/wp-json\/"}],"wp:attachment":[{"href":"https:\/\/influencias.do\/index.php\/wp-json\/wp\/v2\/media?parent=21871"}],"wp:term":[{"taxonomy":"category","embeddable":true,"href":"https:\/\/influencias.do\/index.php\/wp-json\/wp\/v2\/categories?post=21871"},{"taxonomy":"post_tag","embeddable":true,"href":"https:\/\/influencias.do\/index.php\/wp-json\/wp\/v2\/tags?post=21871"}],"curies":[{"name":"wp","href":"https:\/\/api.w.org\/{rel}","templated":true}]}}