{"id":21794,"date":"2023-10-22T17:40:35","date_gmt":"2023-10-22T21:40:35","guid":{"rendered":"https:\/\/influencias.do\/?p=21794"},"modified":"2023-10-22T17:40:35","modified_gmt":"2023-10-22T21:40:35","slug":"cierran-casillas-de-votacion-para-la-eleccion-presidencial-de-argentina","status":"publish","type":"post","link":"https:\/\/influencias.do\/index.php\/2023\/10\/22\/cierran-casillas-de-votacion-para-la-eleccion-presidencial-de-argentina\/","title":{"rendered":"Cierran casillas de votaci\u00f3n para la elecci\u00f3n presidencial de Argentina"},"content":{"rendered":"\n<p>Las elecciones presidenciales de Argentina entraron en la recta final a las 18:00 hora local, con el inicio del cierre de las casillas que se instalaron en todo el pa\u00eds desde las 08:00 de este domingo.<\/p>\n\n\n\n<p>En cuanto&nbsp;concluy\u00f3 la votaci\u00f3n, la&nbsp;C\u00e1mara Nacional Electoral&nbsp;<a href=\"https:\/\/twitter.com\/CamaraElectoral\/status\/1716197797190422610\" target=\"_blank\" rel=\"noreferrer noopener\">revel\u00f3&nbsp;<\/a>que la participaci\u00f3n hab\u00eda alcanzado el 74 %, por lo que se super\u00f3 la afluencia que se alcanz\u00f3 en las elecciones primarias de agosto pasado, y que fue del 69 %.<\/p>\n\n\n\n<p>&#8220;<strong>El comicio se ha desarrollado con total normalidad, en tranquilidad<\/strong>, en paz, las mesas se abrieron sin ning\u00fan tipo de inconveniente&#8221;, afirm\u00f3 Julio Vitobello, secretario general de la Presidencia, al ofrecer un balance de la jornada.}<\/p>\n\n\n\n<p>Tambi\u00e9n agradeci\u00f3 a las autoridades que participaron en la organizaci\u00f3n de los comicios, a los m\u00e1s de 100.000 ciudadanos que fueron designados presidentes de mesa y, en especial, al pueblo argentino.<\/p>\n\n\n\n<p>&#8220;Con este porcentaje de concurrencia, la sociedad&nbsp;<strong>ha demostrado su compromiso con el sistema democr\u00e1tico.<\/strong>&nbsp;La democracia puede estar en deuda con amplios sectores de la poblaci\u00f3n, pero ese des\u00e1nimo debe ser canalizado con m\u00e1s participaci\u00f3n, con m\u00e1s compromiso democr\u00e1tico&#8221;, se\u00f1al\u00f3.<\/p>\n\n\n\n<p>El funcionario advirti\u00f3 que los resultados s\u00f3lo comenzar\u00e1n a darse a conocer cuando haya cifras representativas, por lo que&nbsp;<strong>no hay una hora precisa para comenzar a cargar y difundir los datos.<\/strong><\/p>\n\n\n\n<p>&#8220;No queremos faltar a la verdad y dar un horario, queremos ser serios, responsables&#8221;, dijo al se\u00f1alar que lo m\u00e1s importante es que se den a conocer cifras que den certeza, confianza y tranquilidad a la poblaci\u00f3n.<\/p>\n\n\n\n<h3 class=\"wp-block-heading\">Qu\u00e9 se elige<\/h3>\n\n\n\n<p>Durante esta hist\u00f3rica jornada, que se llev\u00f3 a cabo en un clima de tranquilidad y sin incidentes de importancia, m\u00e1s de 35,8 millones\u00a0de\u00a0argentinos fueron convocados a elegir presidente, vicepresidente, 130 diputados, 24 senadores y 43 representantes del Parlasur.<\/p>\n\n\n\n<p>La presidencia la disputan&nbsp;<strong>Javier Milei<\/strong>&nbsp;(del partido ultraderechista La Libertad Avanza); el actual ministro de Econom\u00eda&nbsp;<strong>Sergio Massa<\/strong>&nbsp;(de la coalici\u00f3n oficialista y peronista Uni\u00f3n por la Patria);&nbsp;<strong>Patricia Bullrich<\/strong>, (de la&nbsp;alianza&nbsp;de derecha Juntos por el Cambio);&nbsp;<strong>Myriam Bregman<\/strong>&nbsp;(Frente de Izquierda y de los Trabajadores-Unidad) y el gobernador de la provincia de C\u00f3rdoba&nbsp;<strong>Juan Schiaretti<\/strong>&nbsp;(Hacemos por Nuestro Pa\u00eds).<\/p>\n\n\n\n<p>De acuerdo con las leyes electorales, la&nbsp;presidencia la gana quien obtenga el 45 % de los votos o, como alternativa, el 40 %, pero solo si&nbsp;hay una diferencia de por lo menos 10 puntos con respecto al segundo lugar.<\/p>\n\n\n\n<p>Si esta noche ninguno de los candidatos logra estos caudales de votaci\u00f3n,&nbsp;<strong>habr\u00eda una segunda vuelta que est\u00e1 prevista para el 19 de noviembre<\/strong>. Finalmente, quien gane los comicios asumir\u00e1 el 10 de diciembre para un per\u00edodo de cuatro a\u00f1os.<\/p>\n\n\n\n<h3 class=\"wp-block-heading\">Campa\u00f1a<\/h3>\n\n\n\n<p>Los principales candidatos aprovecharon el momento de su votaci\u00f3n para destacar la importancia de esta jornada y seguir en campa\u00f1a hasta el \u00faltimo minuto.<\/p>\n\n\n\n<p><strong>&#8220;Estamos en condiciones de hacer el mejor Gobierno de la historia&#8221;<\/strong>, dijo Milei.<\/p>\n\n\n\n<p>Massa, por su parte, destac\u00f3\u00a0el periodo de\u00a0cuatro d\u00e9cadas ininterrumpidas de democracia que el pa\u00eds sudamericano cumple este a\u00f1o.<\/p>\n\n\n\n<p>&#8220;Hoy es un d\u00eda que nos obliga a trabajar pensando en<strong>&nbsp;la consolidaci\u00f3n de 40 a\u00f1os de democracia<\/strong>&nbsp;y en el futuro, con la convicci\u00f3n de que tenemos una enorme tarea&#8221;, se\u00f1al\u00f3.<\/p>\n\n\n\n<p>Bullrich reconoci\u00f3 que su objetivo es lograr los votos suficientes para avanzar a una segunda vuelta.&nbsp;<\/p>\n\n\n\n<p>&#8220;Es una sensaci\u00f3n muy impresionante haber logrado ser la candidata de Juntos por el Cambio y representar a tanta gente que adhiere a nuestra propuesta, tenemos que esperar el resultado, pero estamos contentos con lo que hemos hecho y le hemos ofrecido al pueblo argentino&#8221;, dijo.<\/p>\n\n\n\n<p>Desde el Gobierno, en tanto, la vicepresidenta&nbsp;<strong>Cristina Fern\u00e1ndez de Kirchner&nbsp;<\/strong>ratific\u00f3 la diferencia&nbsp;que mantiene con el presidente, Alberto Fern\u00e1ndez, desde hace a\u00f1os y que marc\u00f3 una grave ruptura en el oficialismo.<\/p>\n\n\n\n<p><strong>&#8220;Son p\u00fablicas y notorias las diferencias que hemos tenido<\/strong>,&nbsp;cuando&nbsp;dije que era necesario alinear precios, salarios, tarifas y jubilaciones, pero&nbsp;no fui escuchada. En un pa\u00eds de car\u00e1cter presidencialista como este, est\u00e1 claro que&nbsp;el que decide siempre es el Presidente&#8221;, dijo la expresidenta despu\u00e9s de votar, en un nuevo af\u00e1n de deslindarse de la gesti\u00f3n de Fern\u00e1ndez.<\/p>\n\n\n\n<p>El mandatario, en tanto, evit\u00f3 cualquier alusi\u00f3n partidaria y se limit\u00f3 a se\u00f1alar que a partir del 10 de diciembre, cuando entregue el poder, seguir\u00e1 participando en la vida p\u00fablica como cualquier otro ciudadano.<\/p>\n","protected":false},"excerpt":{"rendered":"<p>Las elecciones presidenciales de Argentina entraron en la recta final a las 18:00 hora local, con el inicio del cierre de las casillas que se instalaron en todo el pa\u00eds desde las 08:00 de este domingo. En cuanto&nbsp;concluy\u00f3 la votaci\u00f3n, la&nbsp;C\u00e1mara Nacional Electoral&nbsp;revel\u00f3&nbsp;que la participaci\u00f3n hab\u00eda alcanzado el 74 %, por lo que se super\u00f3 [&hellip;]<\/p>\n","protected":false},"author":2,"featured_media":21797,"comment_status":"open","ping_status":"open","sticky":false,"template":"","format":"standard","meta":{"_bbp_topic_count":0,"_bbp_reply_count":0,"_bbp_total_topic_count":0,"_bbp_total_reply_count":0,"_bbp_voice_count":0,"_bbp_anonymous_reply_count":0,"_bbp_topic_count_hidden":0,"_bbp_reply_count_hidden":0,"_bbp_forum_subforum_count":0,"content-type":"","iawp_total_views":0,"footnotes":""},"categories":[109],"tags":[],"class_list":{"0":"post-21794","1":"post","2":"type-post","3":"status-publish","4":"format-standard","5":"has-post-thumbnail","7":"category-internacionales"},"_links":{"self":[{"href":"https:\/\/influencias.do\/index.php\/wp-json\/wp\/v2\/posts\/21794","targetHints":{"allow":["GET"]}}],"collection":[{"href":"https:\/\/influencias.do\/index.php\/wp-json\/wp\/v2\/posts"}],"about":[{"href":"https:\/\/influencias.do\/index.php\/wp-json\/wp\/v2\/types\/post"}],"author":[{"embeddable":true,"href":"https:\/\/influencias.do\/index.php\/wp-json\/wp\/v2\/users\/2"}],"replies":[{"embeddable":true,"href":"https:\/\/influencias.do\/index.php\/wp-json\/wp\/v2\/comments?post=21794"}],"version-history":[{"count":0,"href":"https:\/\/influencias.do\/index.php\/wp-json\/wp\/v2\/posts\/21794\/revisions"}],"wp:featuredmedia":[{"embeddable":true,"href":"https:\/\/influencias.do\/index.php\/wp-json\/"}],"wp:attachment":[{"href":"https:\/\/influencias.do\/index.php\/wp-json\/wp\/v2\/media?parent=21794"}],"wp:term":[{"taxonomy":"category","embeddable":true,"href":"https:\/\/influencias.do\/index.php\/wp-json\/wp\/v2\/categories?post=21794"},{"taxonomy":"post_tag","embeddable":true,"href":"https:\/\/influencias.do\/index.php\/wp-json\/wp\/v2\/tags?post=21794"}],"curies":[{"name":"wp","href":"https:\/\/api.w.org\/{rel}","templated":true}]}}