{"id":21790,"date":"2023-10-22T17:28:34","date_gmt":"2023-10-22T21:28:34","guid":{"rendered":"https:\/\/influencias.do\/?p=21790"},"modified":"2023-10-22T17:28:34","modified_gmt":"2023-10-22T21:28:34","slug":"edeeste-inicia-instalacion-de-transformador-de-50000-kva-para-eliminar-problemas-electricos-en-sectores-de-villa-mella","status":"publish","type":"post","link":"https:\/\/influencias.do\/index.php\/2023\/10\/22\/edeeste-inicia-instalacion-de-transformador-de-50000-kva-para-eliminar-problemas-electricos-en-sectores-de-villa-mella\/","title":{"rendered":"Edeeste inicia instalaci\u00f3n de transformador de 50,000 kVA para eliminar problemas el\u00e9ctricos en sectores de Villa Mella"},"content":{"rendered":"\n<p>La Empresa Distribuidora de Electricidad del Este (Edeeste) inici\u00f3 la instalaci\u00f3n de un moderno transformador de 50,000 kilovoltamperes en la subestaci\u00f3n de Villa Mella, para garantizar la estabilidad y la calidad de la energ\u00eda a 46,030 clientes que la compa\u00f1\u00eda tiene en esta demarcaci\u00f3n.<\/p>\n\n\n\n<p>Con el equipo se repotenciar\u00e1 el sistema el\u00e9ctrico, se estabilizar\u00e1 el voltaje y eliminar\u00e1n las sobrecargas. Estos son los principales inconvenientes de la zona, donde la demanda se ha incrementado desde un consumo de 67 megavatios en enero pasado a 99 megavatios en la actualidad, lo que representa una elevaci\u00f3n del 48%, indicativo de su crecimiento econ\u00f3mico.<\/p>\n\n\n\n<p>El ingeniero Manuel Mej\u00eda Naut, gerente general de Edeeste, estuvo en el recibimiento del equipo e inform\u00f3 que se trabajar\u00e1 intensamente en las instalaciones y que espera los mismos est\u00e9n habilitados y entren en operaci\u00f3n en unas semanas, cuando todos los elementos sean correctamente organizados y probados.<\/p>\n\n\n\n<p>Afirm\u00f3 que esta es una soluci\u00f3n inmediata, ya que el presidente Luis Abinader dispuso una gran inversi\u00f3n para el sector el\u00e9ctrico y el a\u00f1o venidero se instalar\u00e1 otro transformador similar al que se coloca ahora, para cubrir el crecimiento en la zona de los pr\u00f3ximos a\u00f1os.<\/p>\n\n\n\n<p>Apel\u00f3 a la comprensi\u00f3n y tolerancia de los comunitarios de la zona cuya energ\u00eda depende de Edeeste, unas 92,300 familias, por las molestias que puedan sentir mientras dure el proceso de instalaci\u00f3n, pero advirti\u00f3 que \u201cen unos d\u00edas todos nos sentiremos satisfechos de los resultados\u201d.<\/p>\n\n\n\n<p>El funcionario se mostr\u00f3 optimista con los nuevos equipos, \u201cya que con ese transformador resolveremos situaciones problem\u00e1ticas y conseguiremos la satisfacci\u00f3n de nuestros clientes, quienes son la raz\u00f3n de existir de Edeeste y por quienes hacemos todos los esfuerzos humanamente posibles para garantizarles el suministro permanente y confiable de un servicio tan importante como es la electricidad\u201d.<\/p>\n\n\n\n<p>Dijo estar consciente de que la energ\u00eda es fundamental para sostener y elevar la calidad de vida de las familias y del impacto que representa en la actividad econ\u00f3mica. Agradeci\u00f3 al presidente Abinader y al Consejo Unificado de las Empresas Distribuidoras de Electricidad el apoyo que le brindan a su gesti\u00f3n, trazando las directrices y otorg\u00e1ndole a tiempo los requerimientos que encaucen a Edeeste para alcanzar la completa recuperaci\u00f3n.<\/p>\n\n\n\n<p>Con el nuevo transformador se favorecer\u00e1 a los sectores Buena Vista I, Buena Vista II, El Ed\u00e9n, Guaricanos, Sabana Perdida, Mara\u00f1\u00f3n, gran parte de los residenciales de la Avenida Jacobo Majluta y Punta de Villa Mella.<\/p>\n","protected":false},"excerpt":{"rendered":"<p>La Empresa Distribuidora de Electricidad del Este (Edeeste) inici\u00f3 la instalaci\u00f3n de un moderno transformador de 50,000 kilovoltamperes en la subestaci\u00f3n de Villa Mella, para garantizar la estabilidad y la calidad de la energ\u00eda a 46,030 clientes que la compa\u00f1\u00eda tiene en esta demarcaci\u00f3n. Con el equipo se repotenciar\u00e1 el sistema el\u00e9ctrico, se estabilizar\u00e1 el [&hellip;]<\/p>\n","protected":false},"author":2,"featured_media":21792,"comment_status":"open","ping_status":"open","sticky":false,"template":"","format":"standard","meta":{"_bbp_topic_count":0,"_bbp_reply_count":0,"_bbp_total_topic_count":0,"_bbp_total_reply_count":0,"_bbp_voice_count":0,"_bbp_anonymous_reply_count":0,"_bbp_topic_count_hidden":0,"_bbp_reply_count_hidden":0,"_bbp_forum_subforum_count":0,"content-type":"","iawp_total_views":0,"footnotes":""},"categories":[105],"tags":[],"class_list":{"0":"post-21790","1":"post","2":"type-post","3":"status-publish","4":"format-standard","5":"has-post-thumbnail","7":"category-nacionales"},"_links":{"self":[{"href":"https:\/\/influencias.do\/index.php\/wp-json\/wp\/v2\/posts\/21790","targetHints":{"allow":["GET"]}}],"collection":[{"href":"https:\/\/influencias.do\/index.php\/wp-json\/wp\/v2\/posts"}],"about":[{"href":"https:\/\/influencias.do\/index.php\/wp-json\/wp\/v2\/types\/post"}],"author":[{"embeddable":true,"href":"https:\/\/influencias.do\/index.php\/wp-json\/wp\/v2\/users\/2"}],"replies":[{"embeddable":true,"href":"https:\/\/influencias.do\/index.php\/wp-json\/wp\/v2\/comments?post=21790"}],"version-history":[{"count":0,"href":"https:\/\/influencias.do\/index.php\/wp-json\/wp\/v2\/posts\/21790\/revisions"}],"wp:featuredmedia":[{"embeddable":true,"href":"https:\/\/influencias.do\/index.php\/wp-json\/"}],"wp:attachment":[{"href":"https:\/\/influencias.do\/index.php\/wp-json\/wp\/v2\/media?parent=21790"}],"wp:term":[{"taxonomy":"category","embeddable":true,"href":"https:\/\/influencias.do\/index.php\/wp-json\/wp\/v2\/categories?post=21790"},{"taxonomy":"post_tag","embeddable":true,"href":"https:\/\/influencias.do\/index.php\/wp-json\/wp\/v2\/tags?post=21790"}],"curies":[{"name":"wp","href":"https:\/\/api.w.org\/{rel}","templated":true}]}}