{"id":21682,"date":"2023-10-20T11:07:49","date_gmt":"2023-10-20T15:07:49","guid":{"rendered":"https:\/\/influencias.do\/?p=21682"},"modified":"2023-10-20T11:07:49","modified_gmt":"2023-10-20T15:07:49","slug":"conoceran-este-viernes-medidas-de-coercion-a-tekashi","status":"publish","type":"post","link":"https:\/\/influencias.do\/index.php\/2023\/10\/20\/conoceran-este-viernes-medidas-de-coercion-a-tekashi\/","title":{"rendered":"Conocer\u00e1n este viernes medidas de coerci\u00f3n a Tekashi"},"content":{"rendered":"\n<p>La <strong>Tercera C\u00e1mara Penal del Distrito Judicial de La Vega <\/strong>tiene previsto conocer este viernes la solicitud de medida de coerci\u00f3n al rapero estadunidense Daniel Hern\u00e1ndez\u00a0(<strong>Tekashi y\/o 6ix9ine<\/strong>), acusado de golpear a unos productores musicales en esa provincia.<\/p>\n\n\n\n<p>En esta audiencia, el Ministerio P\u00fablico tendr\u00e1 que presentar las pruebas suficientes para que la jueza Argelia Garc\u00eda imponga contra Tekashi&nbsp;<strong>tres meses de prisi\u00f3n preventiva.<\/strong><\/p>\n\n\n\n<p>En la pasada vista, la magistrada tambi\u00e9n rechaz\u00f3 un recurso de habeas corpus interpuesto por la defensa del artista para buscar la libertad de este, alegando \u00abilegalidad\u00bb durante su arresto&nbsp;<em>en la habitaci\u00f3n 315, del Hotel Balcones del Atl\u00e1ntico, ubicado en la calle Duarte, esquina Uruguay del municipio de S\u00e1nchez, Saman\u00e1<\/em>.<\/p>\n\n\n\n<h2 class=\"wp-block-heading\">Acusaci\u00f3n contra Tekashi<\/h2>\n\n\n\n<p>Seg\u00fan explica el expediente acusatorio del<a href=\"https:\/\/pgr.gob.do\/ministerio-publico-arresta-al-artista-urbano-tekashi-por-golpear-a-productor-musical\/\" target=\"_blank\" rel=\"noreferrer noopener\">&nbsp;Ministerio P\u00fablico&nbsp;<\/a>(MP), a&nbsp;<strong>Tekashi<\/strong>&nbsp;se le acusa de&nbsp;<strong>asociaci\u00f3n de malhechores<\/strong>,&nbsp;<strong>tortura<\/strong>&nbsp;y barbarie en contra de tres hombres que se encontraban en el estudio musical donde previamente estaba su pareja sentimental de&nbsp;<strong>Yailin \u201cLa M\u00e1s Viral\u201d<\/strong>&nbsp;grabando, a quienes supuestamente golpe\u00f3 con ayuda de otras cinco personas \u00abpor celos\u00bb.<\/p>\n\n\n\n<p>En el documento de 98 p\u00e1ginas,&nbsp;se afirma que mientras los cinco hombres golpeaban y torturaban a los productores,&nbsp;<strong>Tekashi<\/strong>&nbsp;empez\u00f3 a grabar los actos de violencia y los da\u00f1os producidos en el estudio de grabaci\u00f3n. Entretanto, narraba de manera \u00abamenazante y burlona\u00bb: \u00abmira lo que le hice a tu gente\u00bb y, despu\u00e9s de cometer el hecho, huyeron y dejaron a las v\u00edctimas por muertas.<\/p>\n\n\n\n<p>A\u00f1ade que que a trav\u00e9s de llamadas,&nbsp;<strong>el imputado<\/strong>&nbsp;amenaz\u00f3 de muerte al productor, a quien expres\u00f3 que hab\u00eda ido hasta su estudio de grabaci\u00f3n para cumplir lo que quer\u00eda y le envi\u00f3 la prueba de los golpes que le dio a sus compa\u00f1eros para demostrarle que no estaba jugando. Adem\u00e1s, lo ret\u00f3 dici\u00e9ndole que si era hombre que apareciera.<\/p>\n\n\n\n<p>El hecho ocurri\u00f3 el pasado viernes cerca de la 1:00 de la madrugada en el grabaci\u00f3n, ubicado en la calle Balilo G\u00f3mez, de La Vega, cuando las v\u00edctimas se encontraban grabando un tema con la artista urbana Yailin \u201cLa M\u00e1s Viral\u201d.<\/p>\n","protected":false},"excerpt":{"rendered":"<p>La Tercera C\u00e1mara Penal del Distrito Judicial de La Vega tiene previsto conocer este viernes la solicitud de medida de coerci\u00f3n al rapero estadunidense Daniel Hern\u00e1ndez\u00a0(Tekashi y\/o 6ix9ine), acusado de golpear a unos productores musicales en esa provincia. En esta audiencia, el Ministerio P\u00fablico tendr\u00e1 que presentar las pruebas suficientes para que la jueza Argelia [&hellip;]<\/p>\n","protected":false},"author":2,"featured_media":21683,"comment_status":"open","ping_status":"open","sticky":false,"template":"","format":"standard","meta":{"_bbp_topic_count":0,"_bbp_reply_count":0,"_bbp_total_topic_count":0,"_bbp_total_reply_count":0,"_bbp_voice_count":0,"_bbp_anonymous_reply_count":0,"_bbp_topic_count_hidden":0,"_bbp_reply_count_hidden":0,"_bbp_forum_subforum_count":0,"content-type":"","iawp_total_views":0,"footnotes":""},"categories":[125],"tags":[522,1704,2644,2645],"class_list":{"0":"post-21682","1":"post","2":"type-post","3":"status-publish","4":"format-standard","5":"has-post-thumbnail","7":"category-arte-y-espectaculos","8":"tag-la-vega","9":"tag-medidas-de-coercion","10":"tag-tekashi-y-o-6ix9ine","11":"tag-tercera-camara-penal-del-distrito-judicial"},"_links":{"self":[{"href":"https:\/\/influencias.do\/index.php\/wp-json\/wp\/v2\/posts\/21682","targetHints":{"allow":["GET"]}}],"collection":[{"href":"https:\/\/influencias.do\/index.php\/wp-json\/wp\/v2\/posts"}],"about":[{"href":"https:\/\/influencias.do\/index.php\/wp-json\/wp\/v2\/types\/post"}],"author":[{"embeddable":true,"href":"https:\/\/influencias.do\/index.php\/wp-json\/wp\/v2\/users\/2"}],"replies":[{"embeddable":true,"href":"https:\/\/influencias.do\/index.php\/wp-json\/wp\/v2\/comments?post=21682"}],"version-history":[{"count":0,"href":"https:\/\/influencias.do\/index.php\/wp-json\/wp\/v2\/posts\/21682\/revisions"}],"wp:featuredmedia":[{"embeddable":true,"href":"https:\/\/influencias.do\/index.php\/wp-json\/"}],"wp:attachment":[{"href":"https:\/\/influencias.do\/index.php\/wp-json\/wp\/v2\/media?parent=21682"}],"wp:term":[{"taxonomy":"category","embeddable":true,"href":"https:\/\/influencias.do\/index.php\/wp-json\/wp\/v2\/categories?post=21682"},{"taxonomy":"post_tag","embeddable":true,"href":"https:\/\/influencias.do\/index.php\/wp-json\/wp\/v2\/tags?post=21682"}],"curies":[{"name":"wp","href":"https:\/\/api.w.org\/{rel}","templated":true}]}}