{"id":21423,"date":"2023-10-16T09:56:59","date_gmt":"2023-10-16T13:56:59","guid":{"rendered":"https:\/\/influencias.do\/?p=21423"},"modified":"2023-10-16T09:56:59","modified_gmt":"2023-10-16T13:56:59","slug":"phd-celebra-convencion-nacional-y-proclama-a-78-candidatos-para-las-elecciones-de-2024","status":"publish","type":"post","link":"https:\/\/influencias.do\/index.php\/2023\/10\/16\/phd-celebra-convencion-nacional-y-proclama-a-78-candidatos-para-las-elecciones-de-2024\/","title":{"rendered":"PHD celebra Convenci\u00f3n Nacional y proclama a 78 candidatos para las elecciones de 2024"},"content":{"rendered":"\n<p>El Partido Humanista Dominicano (PHD) celebr\u00f3 este domingo su VII Convenci\u00f3n Nacional Extraordinaria, en la que proclam\u00f3 a un total 78 candidatos a cargos congresuales y municipales con miras a las elecciones de 2024.<br><br>El PHD tambi\u00e9n aprob\u00f3 en su &nbsp;asamblea dar plenos poderes \u201ctan amplios como fueren necesarios al Comit\u00e9 Pol\u00edtico \u201cpara que apegados a los principios legales decida concertar alianza y seleccionar&nbsp; el candidato que representar\u00e1 al PHD en los pr\u00f3ximos comicios\u201d.<\/p>\n\n\n\n<p>Entre los seleccionados con el voto un\u00e1nime de los delegados presentes se encuentran candidatos diputados, alcaldes, regidores, directores de distritos municipales y vocales, principalmente de Saman\u00e1, Constanza, S\u00e1nchez, El Seibo, Santo Domingo Este, Haina, Miches, San Francisco de Macor\u00eds, Monte Plata, Yamas\u00e1, La Romana, Villa La Mata.<\/p>\n\n\n\n<p>El presidente del partido, Ram\u00f3n Emilio Goris, tom\u00f3 el juramento a los candidatos que fueron proclamados en la asamblea celebrada en el Sal\u00f3n La Fiesta, del Hotel Jaragua, de la capital.<\/p>\n\n\n\n<p>Igualmente se aprob\u00f3 que el Comit\u00e9 Ejecutivo Nacional seleccione en los pr\u00f3ximos d\u00edas a cinco dirigentes de la organizaci\u00f3n, cumpliendo con la cuota de g\u00e9nero, como candidatos a la diputaci\u00f3n nacional.<\/p>\n\n\n\n<p>Tambi\u00e9n acordaron hacer alianzas con el Partido Revolucionario Moderno (PRM) y otras fuerzas pol\u00edticas para llevar candidatos comunes al Parlamento Centroamericano (PARLACEN) y de diputados de ultramar.<\/p>\n\n\n\n<p>La Asamblea Nacional Extraordinaria, que inici\u00f3 a las 3:00 de la tarde y extendi\u00f3 hasta poco despu\u00e9s de las 4:00 de la tarde, fue supervisada por la Junta Central Electoral (JCE).<\/p>\n\n\n\n<p><strong>Sobre la candidatura presidencial<\/strong><\/p>\n\n\n\n<p>El presidente del Partido Humanista, Ram\u00f3n Emilio Goris, dijo que desde hoy el Comit\u00e9 Pol\u00edtico se declara en sesi\u00f3n permanente para pr\u00f3ximamente convocar al Comit\u00e9 Ejecutivo Nacional ampliado para proclamar al candidato presidencial que decida el PHD.<\/p>\n\n\n\n<p>Explic\u00f3 en ese sentido, que el partido debe tomar decisiones sabias que sean convenientes para esa organizaci\u00f3n pol\u00edtica, \u201cpor lo que pedimos a todos ustedes, como delegado del PHD, tener confianza en que la nave va por buen puerto\u201d.<\/p>\n\n\n\n<p>\u201cSeguimos las conversaciones pol\u00edticas con miras a lograr un buen pacto electoral y estamos conversando con m\u00e1s de diez organizaciones, una es grande y otras son peque\u00f1as o medianas o del tama\u00f1o de la de nosotros, y deben creer en las decisiones firmes que se tomen de manera institucional\u201d.<\/p>\n\n\n\n<p><strong>Llama a profundizar el cambio<\/strong><\/p>\n\n\n\n<p>En su discurso de cierre de la asamblea, Ram\u00f3n Emilio Goris dijo que el PHD aboga porque se profundice el cambio desde la esfera del poder a favor de los sectores m\u00e1s necesitados del pa\u00eds.<\/p>\n\n\n\n<p>\u201cEl PHD propone profundizar el cambio, porque ese cambio no se puede quedar en las oficinas con aire acondicionado ni en los bolsillos de funcionarios\u201d, expres\u00f3 en medio de fuertes aplausos.<\/p>\n\n\n\n<p>Entiende que hay que cambiar la situaci\u00f3n de vida del pueblo dominicano, \u201cy por eso el PHD no solo tiene candidatos y candidatas, sino que tambi\u00e9n tenemos propuestas de pol\u00edticas p\u00fablicas\u201d.<\/p>\n\n\n\n<p>Pidi\u00f3 que esa profundizaci\u00f3n del cambio sea en salud, para unir a las familias dominicanas dando apoyo a los hijos, padres, madres solteras \u201cy a todo el que necesite para unir a todas las familias dominicanas\u201d.<\/p>\n\n\n\n<p>Tambi\u00e9n defender el derecho a la vida, \u201cy como Partido Humanista defensor de la familia nuclear nosotros ante el pa\u00eds exclamamos para la integraci\u00f3n de la familia dominicana, que debe basamentarse en la defensa de la vida desde el vientre\u201d.<\/p>\n\n\n\n<p>En la mesa principal de la asamblea estuvieron presentes, adem\u00e1s de Goris, el presidente ad vitam del PHD, El\u00e9xido Paula Liranza, y los dirigentes Juli\u00e1n Burgos, Amauris Fabian, Virtudes Matos, Cristian Tejada, Rafael Garc\u00eda F., Rufino de Le\u00f3n, Mayra M\u00e9ndez, Cristian Carrasco y Lucitania Rosario.<\/p>\n","protected":false},"excerpt":{"rendered":"<p>El Partido Humanista Dominicano (PHD) celebr\u00f3 este domingo su VII Convenci\u00f3n Nacional Extraordinaria, en la que proclam\u00f3 a un total 78 candidatos a cargos congresuales y municipales con miras a las elecciones de 2024. El PHD tambi\u00e9n aprob\u00f3 en su &nbsp;asamblea dar plenos poderes \u201ctan amplios como fueren necesarios al Comit\u00e9 Pol\u00edtico \u201cpara que apegados [&hellip;]<\/p>\n","protected":false},"author":2,"featured_media":21425,"comment_status":"open","ping_status":"open","sticky":false,"template":"","format":"standard","meta":{"_bbp_topic_count":0,"_bbp_reply_count":0,"_bbp_total_topic_count":0,"_bbp_total_reply_count":0,"_bbp_voice_count":0,"_bbp_anonymous_reply_count":0,"_bbp_topic_count_hidden":0,"_bbp_reply_count_hidden":0,"_bbp_forum_subforum_count":0,"content-type":"","iawp_total_views":0,"footnotes":""},"categories":[106],"tags":[],"class_list":{"0":"post-21423","1":"post","2":"type-post","3":"status-publish","4":"format-standard","5":"has-post-thumbnail","7":"category-politica"},"_links":{"self":[{"href":"https:\/\/influencias.do\/index.php\/wp-json\/wp\/v2\/posts\/21423","targetHints":{"allow":["GET"]}}],"collection":[{"href":"https:\/\/influencias.do\/index.php\/wp-json\/wp\/v2\/posts"}],"about":[{"href":"https:\/\/influencias.do\/index.php\/wp-json\/wp\/v2\/types\/post"}],"author":[{"embeddable":true,"href":"https:\/\/influencias.do\/index.php\/wp-json\/wp\/v2\/users\/2"}],"replies":[{"embeddable":true,"href":"https:\/\/influencias.do\/index.php\/wp-json\/wp\/v2\/comments?post=21423"}],"version-history":[{"count":0,"href":"https:\/\/influencias.do\/index.php\/wp-json\/wp\/v2\/posts\/21423\/revisions"}],"wp:featuredmedia":[{"embeddable":true,"href":"https:\/\/influencias.do\/index.php\/wp-json\/"}],"wp:attachment":[{"href":"https:\/\/influencias.do\/index.php\/wp-json\/wp\/v2\/media?parent=21423"}],"wp:term":[{"taxonomy":"category","embeddable":true,"href":"https:\/\/influencias.do\/index.php\/wp-json\/wp\/v2\/categories?post=21423"},{"taxonomy":"post_tag","embeddable":true,"href":"https:\/\/influencias.do\/index.php\/wp-json\/wp\/v2\/tags?post=21423"}],"curies":[{"name":"wp","href":"https:\/\/api.w.org\/{rel}","templated":true}]}}