{"id":19630,"date":"2023-09-21T10:17:25","date_gmt":"2023-09-21T14:17:25","guid":{"rendered":"https:\/\/influencias.do\/?p=19630"},"modified":"2023-09-21T10:17:25","modified_gmt":"2023-09-21T14:17:25","slug":"un-edulcorante-presente-en-coca-cola-podria-causar-deficits-de-memoria-y-aprendizaje-en-generaciones-futuras","status":"publish","type":"post","link":"https:\/\/influencias.do\/index.php\/2023\/09\/21\/un-edulcorante-presente-en-coca-cola-podria-causar-deficits-de-memoria-y-aprendizaje-en-generaciones-futuras\/","title":{"rendered":"Un edulcorante presente en Coca-Cola podr\u00eda causar d\u00e9ficits de memoria y aprendizaje en generaciones futuras"},"content":{"rendered":"\n<p>El aspartamo, uno de los edulcorantes artificiales m\u00e1s populares del mundo, empleado en numerosos productos, como la Coca-Cola y las gomas de mascar, ha sido relacionado con posibles problemas de memoria y aprendizaje, seg\u00fan un nuevo estudio realizado por la Facultad de Medicina de la Universidad Estatal de Florida.<\/p>\n\n\n\n<p>En el estudio,&nbsp;<a href=\"https:\/\/www.nature.com\/articles\/s41598-023-41213-2\" target=\"_blank\" rel=\"noreferrer noopener\">publicado<\/a>&nbsp;en la revista Scientific Reports, los investigadores descubrieron que los ratones machos que consumieron aspartamo, incluso a niveles considerados seguros por la Administraci\u00f3n de Alimentos y Medicamentos de EE.UU. (FDA, por sus siglas en ingl\u00e9s), tuvieron cr\u00edas que &#8220;demostraron d\u00e9ficits de aprendizaje espacial y de memoria&#8221;.<\/p>\n\n\n\n<p>La investigaci\u00f3n es una continuaci\u00f3n de un trabajo publicado en las Actas de la Academia Nacional de Ciencias en diciembre del 2022, que relacionaba el consumo de este edulcorante con la ansiedad en ratones.<\/p>\n\n\n\n<p>&#8220;Se trata de una funci\u00f3n cognitiva distinta del comportamiento ansioso, por lo que los efectos del aspartamo est\u00e1n mucho m\u00e1s extendidos de lo que suger\u00eda el estudio anterior&#8221;,\u00a0<a href=\"https:\/\/news.fsu.edu\/news\/health-medicine\/2023\/09\/18\/college-of-medicine-researchers-discover-learning-and-memory-deficits-after-ingestion-of-aspartame\/\">indic\u00f3<\/a>\u00a0Pradeep Bhide, coautor del estudio y director del Centro de Reparaci\u00f3n Cerebral de la Facultad.<\/p>\n\n\n\n<p>&#8220;Hay cierto solapamiento en t\u00e9rminos de aprendizaje, memoria y ansiedad, en el sentido de que a menudo hay un componente emocional en nuestro aprendizaje&#8221;, afirm\u00f3 Bhide. &#8220;Cuando hay un impacto emocional, se recuerda mejor. Pero se trata de una funci\u00f3n y una red cerebral muy distintas&#8221;, destac\u00f3<\/p>\n\n\n\n<p>La segunda cosa que notaron los investigadores fue que, a diferencia de la investigaci\u00f3n anterior, esto solo afectaba a una generaci\u00f3n. No se observ\u00f3 en los nietos, solo en los hijos, lo que supone otra l\u00ednea de apoyo a que este tipo de transmisiones se producen debido a &#8220;cambios epigen\u00e9ticos en el esperma&#8221;.<\/p>\n\n\n\n<h3 class=\"wp-block-heading\">&#8220;Posiblemente cancer\u00edgeno&#8221;<\/h3>\n\n\n\n<p>En junio, la Organizaci\u00f3n Mundial de la Salud (OMS) public\u00f3 una&nbsp;<a href=\"https:\/\/actualidad.rt.com\/actualidad\/473243-oms-cataloga-edulcorante-presente-coca-cola\" target=\"_blank\" rel=\"noreferrer noopener\">declaraci\u00f3n<\/a>&nbsp;en la que clasificaba el aspartamo como &#8220;posiblemente cancer\u00edgeno para los seres humanos&#8221;. Al mismo tiempo, su consumo se sigue considerando seguro dentro de los niveles recomendados actualmente.<\/p>\n\n\n\n<p>La conclusi\u00f3n se bas\u00f3 en los resultados de las investigaciones de dos grupos de expertos vinculados a la OMS: la Agencia Internacional para la Investigaci\u00f3n del C\u00e1ncer (IARC, por sus siglas en ingl\u00e9s) estudi\u00f3 las pruebas sobre la existencia de peligro para la salud por parte de la sustancia, mientras que el Comit\u00e9 Conjunto de Expertos en Aditivos Alimentarios (JECFA, por sus siglas en ingl\u00e9s) de la OMS y la Organizaci\u00f3n para la Agricultura y la Alimentaci\u00f3n (FAO) evalu\u00f3 el grado de riesgo real.<\/p>\n","protected":false},"excerpt":{"rendered":"<p>El aspartamo, uno de los edulcorantes artificiales m\u00e1s populares del mundo, empleado en numerosos productos, como la Coca-Cola y las gomas de mascar, ha sido relacionado con posibles problemas de memoria y aprendizaje, seg\u00fan un nuevo estudio realizado por la Facultad de Medicina de la Universidad Estatal de Florida. En el estudio,&nbsp;publicado&nbsp;en la revista Scientific [&hellip;]<\/p>\n","protected":false},"author":2,"featured_media":19632,"comment_status":"open","ping_status":"open","sticky":false,"template":"","format":"standard","meta":{"_bbp_topic_count":0,"_bbp_reply_count":0,"_bbp_total_topic_count":0,"_bbp_total_reply_count":0,"_bbp_voice_count":0,"_bbp_anonymous_reply_count":0,"_bbp_topic_count_hidden":0,"_bbp_reply_count_hidden":0,"_bbp_forum_subforum_count":0,"content-type":"","iawp_total_views":0,"footnotes":""},"categories":[109],"tags":[],"class_list":{"0":"post-19630","1":"post","2":"type-post","3":"status-publish","4":"format-standard","5":"has-post-thumbnail","7":"category-internacionales"},"_links":{"self":[{"href":"https:\/\/influencias.do\/index.php\/wp-json\/wp\/v2\/posts\/19630","targetHints":{"allow":["GET"]}}],"collection":[{"href":"https:\/\/influencias.do\/index.php\/wp-json\/wp\/v2\/posts"}],"about":[{"href":"https:\/\/influencias.do\/index.php\/wp-json\/wp\/v2\/types\/post"}],"author":[{"embeddable":true,"href":"https:\/\/influencias.do\/index.php\/wp-json\/wp\/v2\/users\/2"}],"replies":[{"embeddable":true,"href":"https:\/\/influencias.do\/index.php\/wp-json\/wp\/v2\/comments?post=19630"}],"version-history":[{"count":0,"href":"https:\/\/influencias.do\/index.php\/wp-json\/wp\/v2\/posts\/19630\/revisions"}],"wp:featuredmedia":[{"embeddable":true,"href":"https:\/\/influencias.do\/index.php\/wp-json\/"}],"wp:attachment":[{"href":"https:\/\/influencias.do\/index.php\/wp-json\/wp\/v2\/media?parent=19630"}],"wp:term":[{"taxonomy":"category","embeddable":true,"href":"https:\/\/influencias.do\/index.php\/wp-json\/wp\/v2\/categories?post=19630"},{"taxonomy":"post_tag","embeddable":true,"href":"https:\/\/influencias.do\/index.php\/wp-json\/wp\/v2\/tags?post=19630"}],"curies":[{"name":"wp","href":"https:\/\/api.w.org\/{rel}","templated":true}]}}