{"id":18444,"date":"2023-09-04T12:28:40","date_gmt":"2023-09-04T16:28:40","guid":{"rendered":"https:\/\/influencias.do\/?p=18444"},"modified":"2023-09-04T12:28:40","modified_gmt":"2023-09-04T16:28:40","slug":"leonel-reitera-que-el-gobierno-del-cambio-es-neveras-vacia-y-estufas-apaga","status":"publish","type":"post","link":"https:\/\/influencias.do\/index.php\/2023\/09\/04\/leonel-reitera-que-el-gobierno-del-cambio-es-neveras-vacia-y-estufas-apaga\/","title":{"rendered":"Leonel reitera que el gobierno del \u00abcambio\u00bb es neveras vac\u00eda y estufas apaga\u2019"},"content":{"rendered":"\n<p>El precandidato a la Presidencia de la Rep\u00fablica por el partido Fuerza del Pueblo, Leonel Fern\u00e1ndez, reiter\u00f3 que el gobierno de Luis Abinader, \u201cha significado las neveras vac\u00edas, las estufas apaga\u2019 y, en la mesa na\u2019 de na\u201d.<\/p>\n\n\n\n<p>Leonel Fern\u00e1ndez asegur\u00f3 que: \u201cLo esencial para un pueblo es el derecho a la alimentaci\u00f3n\u201d, sin embargo, el actual gobierno de Abinader no ha garantizado este derecho.<\/p>\n\n\n\n<p>El l\u00edder opositor dijo que los altos \u00edndices inflacionarios de los art\u00edculos alimenticios ha provocado que los pobres sean m\u00e1s pobres, la clase media se tambalee y, los m\u00e1s pudientes se empobrezcan.<\/p>\n\n\n\n<p>En otro orden de ideas, el precandidato presidencial dijo que este gobierno ha priorizado las importaciones, en perjuicio de los productores locales, autorizando la entrada de productos terminados. 5,200 millones de d\u00f3lares importados, no permitiendo a los productores locales obtener riquezas en beneficio del pueblo dominicano interviniendo en este proceso de comercializaci\u00f3n.<\/p>\n\n\n\n<p>Fern\u00e1ndez indic\u00f3 que las importaciones son un premio a los ricos comerciantes importadores cercanos a la c\u00fapula del gobierno, perjudicando a los productores de Valverde y otras zonas de producci\u00f3n agr\u00edcola del pa\u00eds.<\/p>\n\n\n\n<p>En lo relativo a la Fuerza del Pueblo como partido pol\u00edtico, Fern\u00e1ndez dijo que este concluy\u00f3 la etapa de su construcci\u00f3n y, que ahora se encamina a un triunfo electoral en Primera Vuelta en las elecciones presidenciales del a\u00f1o 2024.<\/p>\n\n\n\n<p>Fern\u00e1ndez habl\u00f3 en la conclusi\u00f3n de un multitudinario acto de presentaci\u00f3n de los precandidatos a puestos de elecci\u00f3n popular de la entidad pol\u00edtica que preside, ante la consideraci\u00f3n de los electores, durante el cual cay\u00f3 un torrencial aguacero que no impidi\u00f3 la presencia entusiasta de los seguidores de la Fuerza del Pueblo y aspirantes a puestos electivos.<\/p>\n","protected":false},"excerpt":{"rendered":"<p>El precandidato a la Presidencia de la Rep\u00fablica por el partido Fuerza del Pueblo, Leonel Fern\u00e1ndez, reiter\u00f3 que el gobierno de Luis Abinader, \u201cha significado las neveras vac\u00edas, las estufas apaga\u2019 y, en la mesa na\u2019 de na\u201d. Leonel Fern\u00e1ndez asegur\u00f3 que: \u201cLo esencial para un pueblo es el derecho a la alimentaci\u00f3n\u201d, sin embargo, [&hellip;]<\/p>\n","protected":false},"author":2,"featured_media":18446,"comment_status":"open","ping_status":"open","sticky":false,"template":"","format":"standard","meta":{"_bbp_topic_count":0,"_bbp_reply_count":0,"_bbp_total_topic_count":0,"_bbp_total_reply_count":0,"_bbp_voice_count":0,"_bbp_anonymous_reply_count":0,"_bbp_topic_count_hidden":0,"_bbp_reply_count_hidden":0,"_bbp_forum_subforum_count":0,"content-type":"","iawp_total_views":0,"footnotes":""},"categories":[106],"tags":[],"class_list":{"0":"post-18444","1":"post","2":"type-post","3":"status-publish","4":"format-standard","5":"has-post-thumbnail","7":"category-politica"},"_links":{"self":[{"href":"https:\/\/influencias.do\/index.php\/wp-json\/wp\/v2\/posts\/18444","targetHints":{"allow":["GET"]}}],"collection":[{"href":"https:\/\/influencias.do\/index.php\/wp-json\/wp\/v2\/posts"}],"about":[{"href":"https:\/\/influencias.do\/index.php\/wp-json\/wp\/v2\/types\/post"}],"author":[{"embeddable":true,"href":"https:\/\/influencias.do\/index.php\/wp-json\/wp\/v2\/users\/2"}],"replies":[{"embeddable":true,"href":"https:\/\/influencias.do\/index.php\/wp-json\/wp\/v2\/comments?post=18444"}],"version-history":[{"count":0,"href":"https:\/\/influencias.do\/index.php\/wp-json\/wp\/v2\/posts\/18444\/revisions"}],"wp:featuredmedia":[{"embeddable":true,"href":"https:\/\/influencias.do\/index.php\/wp-json\/"}],"wp:attachment":[{"href":"https:\/\/influencias.do\/index.php\/wp-json\/wp\/v2\/media?parent=18444"}],"wp:term":[{"taxonomy":"category","embeddable":true,"href":"https:\/\/influencias.do\/index.php\/wp-json\/wp\/v2\/categories?post=18444"},{"taxonomy":"post_tag","embeddable":true,"href":"https:\/\/influencias.do\/index.php\/wp-json\/wp\/v2\/tags?post=18444"}],"curies":[{"name":"wp","href":"https:\/\/api.w.org\/{rel}","templated":true}]}}