{"id":18338,"date":"2023-09-01T18:44:34","date_gmt":"2023-09-01T22:44:34","guid":{"rendered":"https:\/\/influencias.do\/?p=18338"},"modified":"2023-09-01T18:44:34","modified_gmt":"2023-09-01T22:44:34","slug":"la-jce-realizara-este-sabado-prueba-regional-de-computo-electoral","status":"publish","type":"post","link":"https:\/\/influencias.do\/index.php\/2023\/09\/01\/la-jce-realizara-este-sabado-prueba-regional-de-computo-electoral\/","title":{"rendered":"La JCE realizar\u00e1 este s\u00e1bado prueba regional de c\u00f3mputo electoral"},"content":{"rendered":"\n<p>Santo Domingo, RD. &#8211; La Junta Central Electoral (JCE) realizar\u00e1 este s\u00e1bado la primera Prueba Regional del C\u00f3mputo Electoral con miras a verificar la funcionalidad y eficiencia de los dispositivos de digitaci\u00f3n, escaneo, impresi\u00f3n y transmisi\u00f3n de datos (EDET) que se utilizar\u00e1n en las pr\u00f3ximas elecciones primarias de octubre pr\u00f3ximo.<\/p>\n\n\n\n<p>La prueba se realizar\u00e1 en 392 colegios electorales de 156 recintos distribuidos en 32 provincias, 32 municipios cabeceras y seis municipios de Santo Domingo y 40 distritos municipales.<\/p>\n\n\n\n<p>El proceso ser\u00e1 supervisado por el presidente de la JCE, Rom\u00e1n J\u00e1quez Liranzo y los miembros titulares del Pleno, Rafael Armando Vallejo, Dolores Altagracia Fern\u00e1ndez S\u00e1nchez, Patricia Lorenzo y Samir Chami Isa.<\/p>\n\n\n\n<p>Para la prueba fueron convocados todos los delegados de las organizaciones pol\u00edticas. De la misma forma, dentro de los acuerdos de cooperaci\u00f3n t\u00e9cnica que ha suscrito la JCE, la prueba ser\u00e1 observada por t\u00e9cnicos de la Organizaci\u00f3n de Estados Americanos (OEA); Centro de Asesor\u00eda y Promoci\u00f3n Electoral, (CAPEL) y de la Fundaci\u00f3n Internacional para Sistemas Electorales (IFES), por sus siglas en ingl\u00e9s.<\/p>\n\n\n\n<p>El \u00f3rgano electoral inform\u00f3 que alrededor de 1700 personas trabajar\u00e1n en el terreno durante la prueba regional desde supervisores y t\u00e9cnicos de inform\u00e1tica y de elecciones; presidentes, miembros y sustitutos de las Juntas Electorales; m\u00e1s integrantes de la seguridad militar y civil en coordinaci\u00f3n con la Direcci\u00f3n de Inform\u00e1tica de la JCE.<\/p>\n\n\n\n<p>El ejercicio se realizar\u00e1 entre las ocho de la ma\u00f1ana y las 12 del mediod\u00eda. La prueba tiene tambi\u00e9n como misi\u00f3n, probar el proceso del c\u00f3mputo electoral desde la digitaci\u00f3n de los resultados EDET hasta la divulgaci\u00f3n; validar el proceso de capacitaci\u00f3n de los t\u00e9cnicos de recintos, verificar los procedimientos de continuidad de las operaciones, entre otros.<\/p>\n","protected":false},"excerpt":{"rendered":"<p>Santo Domingo, RD. &#8211; La Junta Central Electoral (JCE) realizar\u00e1 este s\u00e1bado la primera Prueba Regional del C\u00f3mputo Electoral con miras a verificar la funcionalidad y eficiencia de los dispositivos de digitaci\u00f3n, escaneo, impresi\u00f3n y transmisi\u00f3n de datos (EDET) que se utilizar\u00e1n en las pr\u00f3ximas elecciones primarias de octubre pr\u00f3ximo. La prueba se realizar\u00e1 en [&hellip;]<\/p>\n","protected":false},"author":2,"featured_media":18339,"comment_status":"open","ping_status":"open","sticky":false,"template":"","format":"standard","meta":{"_bbp_topic_count":0,"_bbp_reply_count":0,"_bbp_total_topic_count":0,"_bbp_total_reply_count":0,"_bbp_voice_count":0,"_bbp_anonymous_reply_count":0,"_bbp_topic_count_hidden":0,"_bbp_reply_count_hidden":0,"_bbp_forum_subforum_count":0,"content-type":"","iawp_total_views":0,"footnotes":""},"categories":[106],"tags":[],"class_list":{"0":"post-18338","1":"post","2":"type-post","3":"status-publish","4":"format-standard","5":"has-post-thumbnail","7":"category-politica"},"_links":{"self":[{"href":"https:\/\/influencias.do\/index.php\/wp-json\/wp\/v2\/posts\/18338","targetHints":{"allow":["GET"]}}],"collection":[{"href":"https:\/\/influencias.do\/index.php\/wp-json\/wp\/v2\/posts"}],"about":[{"href":"https:\/\/influencias.do\/index.php\/wp-json\/wp\/v2\/types\/post"}],"author":[{"embeddable":true,"href":"https:\/\/influencias.do\/index.php\/wp-json\/wp\/v2\/users\/2"}],"replies":[{"embeddable":true,"href":"https:\/\/influencias.do\/index.php\/wp-json\/wp\/v2\/comments?post=18338"}],"version-history":[{"count":0,"href":"https:\/\/influencias.do\/index.php\/wp-json\/wp\/v2\/posts\/18338\/revisions"}],"wp:featuredmedia":[{"embeddable":true,"href":"https:\/\/influencias.do\/index.php\/wp-json\/"}],"wp:attachment":[{"href":"https:\/\/influencias.do\/index.php\/wp-json\/wp\/v2\/media?parent=18338"}],"wp:term":[{"taxonomy":"category","embeddable":true,"href":"https:\/\/influencias.do\/index.php\/wp-json\/wp\/v2\/categories?post=18338"},{"taxonomy":"post_tag","embeddable":true,"href":"https:\/\/influencias.do\/index.php\/wp-json\/wp\/v2\/tags?post=18338"}],"curies":[{"name":"wp","href":"https:\/\/api.w.org\/{rel}","templated":true}]}}