{"id":16921,"date":"2023-08-14T12:23:56","date_gmt":"2023-08-14T16:23:56","guid":{"rendered":"https:\/\/influencias.do\/?p=16921"},"modified":"2023-08-14T12:23:56","modified_gmt":"2023-08-14T16:23:56","slug":"opret-inicia-licitacion-para-extension-del-metro-hacia-punta-de-villa-mella","status":"publish","type":"post","link":"https:\/\/influencias.do\/index.php\/2023\/08\/14\/opret-inicia-licitacion-para-extension-del-metro-hacia-punta-de-villa-mella\/","title":{"rendered":"Opret inicia licitaci\u00f3n para extensi\u00f3n del Metro hacia Punta de Villa Mella"},"content":{"rendered":"\n<p>La obra consiste en una extensi\u00f3n de la L\u00ednea 1 desde la estaci\u00f3n Mam\u00e1 Ting\u00f3 hacia Punta de Villa Mella, Santo Domingo Norte, con una longitud de 2.3 km y dos estaciones. Esta es parte de los esfuerzos del gobierno encabezado por el presidente Luis Abinader para expandir la cobertura y mejorar la movilidad en Santo Domingo.<\/p>\n\n\n\n<p>SANTO DOMINGO.- El director ejecutivo de la Oficina Para el Reordenamiento del Transporte (Opret), Ing. Rafael Santos P\u00e9rez, inform\u00f3 este lunes sobre la convocatoria de una licitaci\u00f3n p\u00fablica para la ejecuci\u00f3n del proyecto de extensi\u00f3n de la L\u00ednea 1 del Metro de Santo Domingo. Esta obra, con una longitud de 2.3 km, incluir\u00e1 dos estaciones, un amplio parqueo para autom\u00f3viles y cocheras para trenes.<\/p>\n\n\n\n<p>\u201cEste lunes 14 de agosto inicia el proceso de licitaci\u00f3n de varios lotes, as\u00ed como del Project Manager encargado de la supervisi\u00f3n y aseguramiento de calidad de las obras\u201d, inform\u00f3 Santos P\u00e9rez.<\/p>\n\n\n\n<p>Este proceso se realiza cumpliendo las disposiciones de la Ley No.340-06, sobre Compras y Contrataciones P\u00fablicas. Se convoca a los interesados a presentar propuestas para:<\/p>\n\n\n\n<ul class=\"wp-block-list\">\n<li>OPRET-CCC-LPN-2023-0009: Gesti\u00f3n de proyectos y direcci\u00f3n de obras civiles para la L\u00ednea 1B del Metro.<\/li>\n\n\n\n<li>OPRET-CCC-LPN-2023-0010: Construcci\u00f3n de pilotes de hormig\u00f3n armado IN SITU para la L\u00ednea 1B.<\/li>\n<\/ul>\n\n\n\n<p>Desde el 17 de agosto de 2023, los interesados pueden acceder a los pliegos de condiciones en la p\u00e1gina web de la Opret o del Portal de la DGCP. Las ofertas se recibir\u00e1n en sobres cerrados en el Departamento de Compras y Contrataciones de la Opret. Es requisito estar inscrito o en proceso en el Registro de Proveedores del Estado para participar.<\/p>\n\n\n\n<p>La obra, con una inversi\u00f3n estimada de USD $185,000,000, beneficiar\u00e1 a cerca de 400 mil habitantes de Santo Domingo Norte. Se espera iniciar los trabajos a finales de noviembre tras finalizar el proceso de licitaci\u00f3n.<\/p>\n\n\n\n<p>Esta iniciativa surge ante la alta demanda de transporte en Santo Domingo, buscando impactar positivamente en el tiempo de desplazamiento y econom\u00eda de los ciudadanos. Adem\u00e1s, estar\u00e1 dise\u00f1ada para recibir trenes de seis vagones, ampliando la capacidad del sistema.<\/p>\n","protected":false},"excerpt":{"rendered":"<p>La obra consiste en una extensi\u00f3n de la L\u00ednea 1 desde la estaci\u00f3n Mam\u00e1 Ting\u00f3 hacia Punta de Villa Mella, Santo Domingo Norte, con una longitud de 2.3 km y dos estaciones. Esta es parte de los esfuerzos del gobierno encabezado por el presidente Luis Abinader para expandir la cobertura y mejorar la movilidad en [&hellip;]<\/p>\n","protected":false},"author":2,"featured_media":16923,"comment_status":"open","ping_status":"open","sticky":false,"template":"","format":"standard","meta":{"_bbp_topic_count":0,"_bbp_reply_count":0,"_bbp_total_topic_count":0,"_bbp_total_reply_count":0,"_bbp_voice_count":0,"_bbp_anonymous_reply_count":0,"_bbp_topic_count_hidden":0,"_bbp_reply_count_hidden":0,"_bbp_forum_subforum_count":0,"content-type":"","iawp_total_views":0,"footnotes":""},"categories":[105],"tags":[],"class_list":{"0":"post-16921","1":"post","2":"type-post","3":"status-publish","4":"format-standard","5":"has-post-thumbnail","7":"category-nacionales"},"_links":{"self":[{"href":"https:\/\/influencias.do\/index.php\/wp-json\/wp\/v2\/posts\/16921","targetHints":{"allow":["GET"]}}],"collection":[{"href":"https:\/\/influencias.do\/index.php\/wp-json\/wp\/v2\/posts"}],"about":[{"href":"https:\/\/influencias.do\/index.php\/wp-json\/wp\/v2\/types\/post"}],"author":[{"embeddable":true,"href":"https:\/\/influencias.do\/index.php\/wp-json\/wp\/v2\/users\/2"}],"replies":[{"embeddable":true,"href":"https:\/\/influencias.do\/index.php\/wp-json\/wp\/v2\/comments?post=16921"}],"version-history":[{"count":0,"href":"https:\/\/influencias.do\/index.php\/wp-json\/wp\/v2\/posts\/16921\/revisions"}],"wp:featuredmedia":[{"embeddable":true,"href":"https:\/\/influencias.do\/index.php\/wp-json\/"}],"wp:attachment":[{"href":"https:\/\/influencias.do\/index.php\/wp-json\/wp\/v2\/media?parent=16921"}],"wp:term":[{"taxonomy":"category","embeddable":true,"href":"https:\/\/influencias.do\/index.php\/wp-json\/wp\/v2\/categories?post=16921"},{"taxonomy":"post_tag","embeddable":true,"href":"https:\/\/influencias.do\/index.php\/wp-json\/wp\/v2\/tags?post=16921"}],"curies":[{"name":"wp","href":"https:\/\/api.w.org\/{rel}","templated":true}]}}