{"id":16827,"date":"2023-08-13T14:23:48","date_gmt":"2023-08-13T18:23:48","guid":{"rendered":"https:\/\/influencias.do\/?p=16827"},"modified":"2023-08-13T14:23:48","modified_gmt":"2023-08-13T18:23:48","slug":"ministro-de-la-presidencia-es-designado-presidente-del-comite-organizador-de-el-superior-de-la-abadina","status":"publish","type":"post","link":"https:\/\/influencias.do\/index.php\/2023\/08\/13\/ministro-de-la-presidencia-es-designado-presidente-del-comite-organizador-de-el-superior-de-la-abadina\/","title":{"rendered":"Ministro de la Presidencia es designado presidente del Comit\u00e9 Organizador de &#8220;El Superior&#8221; de la Abadina"},"content":{"rendered":"\n<p><em>SANTO DOMINGO.<\/em> El ministro de la Presidencia, Joel Santos Echavarr\u00eda, fue designado como el nuevo presidente del Comit\u00e9 Organizador del Torneo de Baloncesto Superior de la Asociaci\u00f3n de Baloncesto del Distrito Nacional (Abadina), que se iniciar\u00e1 el 13 de septiembre, en el Palacio de los Deportes profesor Virgilio Travieso Soto.<\/p>\n\n\n\n<p>La informaci\u00f3n fue anunciada a trav\u00e9s de un comunicado de prensa, luego de una visita que realiz\u00f3 una comisi\u00f3n de la Abadina al ministro Santos Echavarr\u00eda, quien dijo que se siente honrado de ser parte del principal evento de baloncesto del pa\u00eds, como es El Superior del Distrito.<\/p>\n\n\n\n<p>Santos Echavarr\u00eda recibi\u00f3 la noticia en su despacho del Palacio Nacional, tras una reuni\u00f3n con el presidente de Abadina, Diego Pesqueira; quien estuvo acompa\u00f1ado del profesor e Inmortal del Deporte, Fernando Teruel; Edwin Castillo y Milton D\u00edaz, secretario general y secretario de Finanzas, respectivamente, del organismo encargado de regular el basquetbol en el Distrito.<\/p>\n\n\n\n<p>Durante el encuentro adelantaron que el certamen presentar\u00e1 grandes atractivos y un espect\u00e1culo de alto nivel para la familia del baloncesto. En lo adelante, el ministro Santos Echavarr\u00eda tiene en agenda dar a conocer la dedicatoria del torneo, encargado de seguridad y sus acompa\u00f1antes en el Comit\u00e9 Organizador, entre otras novedades.<\/p>\n\n\n\n<p>Manifest\u00f3 que el CO, junto a un equipo de alto nivel, articular\u00e1 las acciones necesarias para que sea un \u00e9xito el certamen que contar\u00e1 con la participaci\u00f3n de los clubes San L\u00e1zaro, Mauricio B\u00e1ez, Huellas del Siglo, Los Prados, Rafael Barias, El Mill\u00f3n, San Carlos y Bameso, \u00e9ste \u00faltimo campe\u00f3n de la pasada versi\u00f3n.<\/p>\n\n\n\n<p>El ministro Santos Echavarr\u00eda, quien se defini\u00f3 como un fiel seguidor y fan\u00e1tico del baloncesto, garantiz\u00f3 que asume la presidencia del CO confiado en que la actual versi\u00f3n de El Superior representar\u00e1 un verdadero atractivo para la fanaticada y los patrocinadores.<\/p>\n","protected":false},"excerpt":{"rendered":"<p>SANTO DOMINGO. El ministro de la Presidencia, Joel Santos Echavarr\u00eda, fue designado como el nuevo presidente del Comit\u00e9 Organizador del Torneo de Baloncesto Superior de la Asociaci\u00f3n de Baloncesto del Distrito Nacional (Abadina), que se iniciar\u00e1 el 13 de septiembre, en el Palacio de los Deportes profesor Virgilio Travieso Soto. La informaci\u00f3n fue anunciada a [&hellip;]<\/p>\n","protected":false},"author":2,"featured_media":16829,"comment_status":"open","ping_status":"open","sticky":false,"template":"","format":"standard","meta":{"_bbp_topic_count":0,"_bbp_reply_count":0,"_bbp_total_topic_count":0,"_bbp_total_reply_count":0,"_bbp_voice_count":0,"_bbp_anonymous_reply_count":0,"_bbp_topic_count_hidden":0,"_bbp_reply_count_hidden":0,"_bbp_forum_subforum_count":0,"content-type":"","iawp_total_views":0,"footnotes":""},"categories":[123],"tags":[],"class_list":{"0":"post-16827","1":"post","2":"type-post","3":"status-publish","4":"format-standard","5":"has-post-thumbnail","7":"category-deportes"},"_links":{"self":[{"href":"https:\/\/influencias.do\/index.php\/wp-json\/wp\/v2\/posts\/16827","targetHints":{"allow":["GET"]}}],"collection":[{"href":"https:\/\/influencias.do\/index.php\/wp-json\/wp\/v2\/posts"}],"about":[{"href":"https:\/\/influencias.do\/index.php\/wp-json\/wp\/v2\/types\/post"}],"author":[{"embeddable":true,"href":"https:\/\/influencias.do\/index.php\/wp-json\/wp\/v2\/users\/2"}],"replies":[{"embeddable":true,"href":"https:\/\/influencias.do\/index.php\/wp-json\/wp\/v2\/comments?post=16827"}],"version-history":[{"count":0,"href":"https:\/\/influencias.do\/index.php\/wp-json\/wp\/v2\/posts\/16827\/revisions"}],"wp:featuredmedia":[{"embeddable":true,"href":"https:\/\/influencias.do\/index.php\/wp-json\/"}],"wp:attachment":[{"href":"https:\/\/influencias.do\/index.php\/wp-json\/wp\/v2\/media?parent=16827"}],"wp:term":[{"taxonomy":"category","embeddable":true,"href":"https:\/\/influencias.do\/index.php\/wp-json\/wp\/v2\/categories?post=16827"},{"taxonomy":"post_tag","embeddable":true,"href":"https:\/\/influencias.do\/index.php\/wp-json\/wp\/v2\/tags?post=16827"}],"curies":[{"name":"wp","href":"https:\/\/api.w.org\/{rel}","templated":true}]}}