{"id":16736,"date":"2023-08-11T11:13:47","date_gmt":"2023-08-11T15:13:47","guid":{"rendered":"https:\/\/influencias.do\/?p=16736"},"modified":"2023-08-11T11:13:47","modified_gmt":"2023-08-11T15:13:47","slug":"asmin-aquino-pide-a-la-jce-revisar-distribucion-de-escanos-para-elecciones-2024-2028","status":"publish","type":"post","link":"https:\/\/influencias.do\/index.php\/2023\/08\/11\/asmin-aquino-pide-a-la-jce-revisar-distribucion-de-escanos-para-elecciones-2024-2028\/","title":{"rendered":"Asm\u00edn Aquino pide a la JCE revisar distribuci\u00f3n de esca\u00f1os para elecciones 2024-2028"},"content":{"rendered":"\n<p>Monte Plata.-El precandidato a senador de Monte Plata por el Partido Revolucionario Moderno (PRM), Asm\u00edn Aquino, pidi\u00f3 este viernes a la Junta Central Electoral (JCE) revisar la distribuci\u00f3n de los esca\u00f1os para las pr\u00f3ximas elecciones pautadas para el 19 de mayo del 2024.<br>\u00a0<br>Aquino precis\u00f3 que con los datos arrojado por la Oficina Nacional de Estad\u00edstica (ONE), a trav\u00e9s del X Censo Nacional de Poblaci\u00f3n y Vivienda 2022, eleva nuevamente a Monte Plata a m\u00e1s de 205, 499 habitantes, por lo que a la demarcaci\u00f3n le corresponde tener una curul m\u00e1s en la C\u00e1mara de Diputados a partir de las pr\u00f3ximas elecciones congresuales.<br>\u00a0<br>El dirigente pol\u00edtico precis\u00f3 que la JCE despoj\u00f3 a Monte Plata de una curul para el proceso electoral 2012-2016, basado en los resultados del Censo del 2010, que coloc\u00f3 a la provincia en un poco m\u00e1s de 180 mil habitantes.<br>\u00a0<br>En ese sentido, el doctor Asm\u00edn Aquino pidi\u00f3 al presidente provincial del PRM, V\u00edctor Pichardo, as\u00ed como a los dem\u00e1s miembros de la direcci\u00f3n de la organizaci\u00f3n pol\u00edtica, realizar la solicitud formal ante la JCE, a los fines de que la demarcaci\u00f3n vuelva a tener su curul en la C\u00e1mara de Diputados.<br>\u00a0<br>Aquino asegur\u00f3 que el cumplimento de la medida tiene que ser igual como se aplic\u00f3 para despojar en el 2012-2016, los resultados del X Censo 2022, regresa a la provincia de Monte Plata su curul.<\/p>\n","protected":false},"excerpt":{"rendered":"<p>Monte Plata.-El precandidato a senador de Monte Plata por el Partido Revolucionario Moderno (PRM), Asm\u00edn Aquino, pidi\u00f3 este viernes a la Junta Central Electoral (JCE) revisar la distribuci\u00f3n de los esca\u00f1os para las pr\u00f3ximas elecciones pautadas para el 19 de mayo del 2024.\u00a0Aquino precis\u00f3 que con los datos arrojado por la Oficina Nacional de Estad\u00edstica [&hellip;]<\/p>\n","protected":false},"author":2,"featured_media":16738,"comment_status":"open","ping_status":"open","sticky":false,"template":"","format":"standard","meta":{"_bbp_topic_count":0,"_bbp_reply_count":0,"_bbp_total_topic_count":0,"_bbp_total_reply_count":0,"_bbp_voice_count":0,"_bbp_anonymous_reply_count":0,"_bbp_topic_count_hidden":0,"_bbp_reply_count_hidden":0,"_bbp_forum_subforum_count":0,"content-type":"","iawp_total_views":0,"footnotes":""},"categories":[106],"tags":[],"class_list":{"0":"post-16736","1":"post","2":"type-post","3":"status-publish","4":"format-standard","5":"has-post-thumbnail","7":"category-politica"},"_links":{"self":[{"href":"https:\/\/influencias.do\/index.php\/wp-json\/wp\/v2\/posts\/16736","targetHints":{"allow":["GET"]}}],"collection":[{"href":"https:\/\/influencias.do\/index.php\/wp-json\/wp\/v2\/posts"}],"about":[{"href":"https:\/\/influencias.do\/index.php\/wp-json\/wp\/v2\/types\/post"}],"author":[{"embeddable":true,"href":"https:\/\/influencias.do\/index.php\/wp-json\/wp\/v2\/users\/2"}],"replies":[{"embeddable":true,"href":"https:\/\/influencias.do\/index.php\/wp-json\/wp\/v2\/comments?post=16736"}],"version-history":[{"count":0,"href":"https:\/\/influencias.do\/index.php\/wp-json\/wp\/v2\/posts\/16736\/revisions"}],"wp:featuredmedia":[{"embeddable":true,"href":"https:\/\/influencias.do\/index.php\/wp-json\/"}],"wp:attachment":[{"href":"https:\/\/influencias.do\/index.php\/wp-json\/wp\/v2\/media?parent=16736"}],"wp:term":[{"taxonomy":"category","embeddable":true,"href":"https:\/\/influencias.do\/index.php\/wp-json\/wp\/v2\/categories?post=16736"},{"taxonomy":"post_tag","embeddable":true,"href":"https:\/\/influencias.do\/index.php\/wp-json\/wp\/v2\/tags?post=16736"}],"curies":[{"name":"wp","href":"https:\/\/api.w.org\/{rel}","templated":true}]}}