{"id":15188,"date":"2023-07-24T14:03:35","date_gmt":"2023-07-24T18:03:35","guid":{"rendered":"https:\/\/influencias.do\/?p=15188"},"modified":"2023-07-24T14:03:35","modified_gmt":"2023-07-24T18:03:35","slug":"presidente-encabeza-reunion-de-seguimiento-de-la-seguridad-ciudadana-en-la-policia","status":"publish","type":"post","link":"https:\/\/influencias.do\/index.php\/2023\/07\/24\/presidente-encabeza-reunion-de-seguimiento-de-la-seguridad-ciudadana-en-la-policia\/","title":{"rendered":"Presidente encabeza reuni\u00f3n de seguimiento de la seguridad ciudadana en la Polic\u00eda"},"content":{"rendered":"\n<p>En estos momentos el presidente Luis Abinader encabeza la reuni\u00f3n de seguimiento al Plan de Seguridad Ciudadana en el Palacio de la Polic\u00eda Nacional.<\/p>\n\n\n\n<p>La reuni\u00f3n inicio pasada las 10 de la ma\u00f1ana en el Sal\u00f3n Club de Oficiales del Palacio de la Polic\u00eda Nacional.<\/p>\n\n\n\n<p>En compa\u00f1\u00eda del presidente Luis Abinader est\u00e1n presentes el ministro de la Presidencia, Joel Santos Echavarr\u00eda; vicealmirante Ram\u00f3n Guzm\u00e1n Betances Hern\u00e1ndez (ARD), en representaci\u00f3n del teniente general Carlos Luciano D\u00edaz Morfa, (ERD), ministro de Defensa; ministro de Interior, Jes\u00fas V\u00e1squez Mart\u00ednez; el director general de la Polic\u00eda Nacional, mayor general Eduardo Alberto Then; el titular de la Direcci\u00f3n Nacional de Control de Drogas (DNCD), vicealmirante Jos\u00e9 Cabrera Ulloa, (ARD).<\/p>\n\n\n\n<p>Asimismo, el comandante general de la Armada de Rep\u00fablica Dominicana, vicealmirante Francisco Antonio Sosa Castillo, el titular de la Direcci\u00f3n General de Seguridad de Tr\u00e1nsito y Transporte Terrestre (Digesett), general Ram\u00f3n Antonio Guzm\u00e1n Peralta; el director Central de la Polic\u00eda de Turismo (Politur); general Minoru Matsunaga Matsunaga, y el director ejecutivo del Sistema Nacional de Atenci\u00f3n a Emergencias y Seguridad 9-1-1, coronel piloto, Rodolfo Rijo G\u00f3mez, (ERD).<\/p>\n\n\n\n<p>Tambi\u00e9n participan de este encuentro la procuradora Adjunta de la Rep\u00fablica, Yeni Berenice Reynoso, junto a una comisi\u00f3n de fiscales integrada por la del Distrito Nacional, Rosalba Ramos; de Santiago, Osvaldo Bonilla, de San Pedro de Macor\u00eds, Suleika Mateo; de San Francisco de Macor\u00eds, Smaily Rodr\u00edguez, de San Crist\u00f3bal, Fadulia Rosa, de La Romana, Kelvin Santana, de Santo Domingo Este, Milc\u00edades Guzm\u00e1n, de Hig\u00fcey Mercedes Santana y de Santo Domingo Oeste, Edward L\u00f3pez.<\/p>\n","protected":false},"excerpt":{"rendered":"<p>En estos momentos el presidente Luis Abinader encabeza la reuni\u00f3n de seguimiento al Plan de Seguridad Ciudadana en el Palacio de la Polic\u00eda Nacional. La reuni\u00f3n inicio pasada las 10 de la ma\u00f1ana en el Sal\u00f3n Club de Oficiales del Palacio de la Polic\u00eda Nacional. En compa\u00f1\u00eda del presidente Luis Abinader est\u00e1n presentes el ministro [&hellip;]<\/p>\n","protected":false},"author":2,"featured_media":15189,"comment_status":"open","ping_status":"open","sticky":false,"template":"","format":"standard","meta":{"_bbp_topic_count":0,"_bbp_reply_count":0,"_bbp_total_topic_count":0,"_bbp_total_reply_count":0,"_bbp_voice_count":0,"_bbp_anonymous_reply_count":0,"_bbp_topic_count_hidden":0,"_bbp_reply_count_hidden":0,"_bbp_forum_subforum_count":0,"content-type":"","iawp_total_views":0,"footnotes":""},"categories":[105],"tags":[],"class_list":{"0":"post-15188","1":"post","2":"type-post","3":"status-publish","4":"format-standard","5":"has-post-thumbnail","7":"category-nacionales"},"_links":{"self":[{"href":"https:\/\/influencias.do\/index.php\/wp-json\/wp\/v2\/posts\/15188","targetHints":{"allow":["GET"]}}],"collection":[{"href":"https:\/\/influencias.do\/index.php\/wp-json\/wp\/v2\/posts"}],"about":[{"href":"https:\/\/influencias.do\/index.php\/wp-json\/wp\/v2\/types\/post"}],"author":[{"embeddable":true,"href":"https:\/\/influencias.do\/index.php\/wp-json\/wp\/v2\/users\/2"}],"replies":[{"embeddable":true,"href":"https:\/\/influencias.do\/index.php\/wp-json\/wp\/v2\/comments?post=15188"}],"version-history":[{"count":0,"href":"https:\/\/influencias.do\/index.php\/wp-json\/wp\/v2\/posts\/15188\/revisions"}],"wp:featuredmedia":[{"embeddable":true,"href":"https:\/\/influencias.do\/index.php\/wp-json\/"}],"wp:attachment":[{"href":"https:\/\/influencias.do\/index.php\/wp-json\/wp\/v2\/media?parent=15188"}],"wp:term":[{"taxonomy":"category","embeddable":true,"href":"https:\/\/influencias.do\/index.php\/wp-json\/wp\/v2\/categories?post=15188"},{"taxonomy":"post_tag","embeddable":true,"href":"https:\/\/influencias.do\/index.php\/wp-json\/wp\/v2\/tags?post=15188"}],"curies":[{"name":"wp","href":"https:\/\/api.w.org\/{rel}","templated":true}]}}