{"id":14525,"date":"2023-07-17T20:06:23","date_gmt":"2023-07-18T00:06:23","guid":{"rendered":"https:\/\/influencias.do\/?p=14525"},"modified":"2023-07-17T20:06:23","modified_gmt":"2023-07-18T00:06:23","slug":"alfredo-pacheco-recibe-a-las-magistradas-yeni-berenice-y-army-ferreira","status":"publish","type":"post","link":"https:\/\/influencias.do\/index.php\/2023\/07\/17\/alfredo-pacheco-recibe-a-las-magistradas-yeni-berenice-y-army-ferreira\/","title":{"rendered":"Alfredo Pacheco recibe a las magistradas Yeni Berenice y Army Ferreira"},"content":{"rendered":"\n<p>Santo Domingo.- Las procuradoras adjuntas Yeni Berenice Reynoso y Army Ferreira, se reunieron con el presidente de la C\u00e1mara de Diputados, Alfredo Pacheco, a los fines de ofrecer su valoraci\u00f3n sobre al Proyecto de ley para la administraci\u00f3n de bienes incautados, decomisados y en extinci\u00f3n de dominio, al cual les hicieron algunas observaciones.<\/p>\n\n\n\n<p>El Ministerio P\u00fablico, a trav\u00e9s de las magistradas, Yeni Berenice y Army Ferreira, realizaron dichas observaciones con el objetivo de adecuar algunos art\u00edculos que entienden pueden recibir algunas mejoras.<\/p>\n\n\n\n<p>Durante el encuentro, Alfredo Pacheco se comprometi\u00f3 a consultar con los diferentes partidos pol\u00edticos con representaci\u00f3n en la C\u00e1mara de Diputados, las observaciones hechas por Yeni Berenice y Army Ferreira, al Proyecto de ley para la administraci\u00f3n de bienes incautados, decomisados y en extinci\u00f3n de dominio.<\/p>\n\n\n\n<p>Se recuerda que el pasado 12 de julio de 2023 la C\u00e1mara de Diputados aprob\u00f3 en primera lectura el proyecto de ley para la administraci\u00f3n de bienes incautados, abandonados, decomisados y en extinci\u00f3n de dominio.<\/p>\n","protected":false},"excerpt":{"rendered":"<p>Santo Domingo.- Las procuradoras adjuntas Yeni Berenice Reynoso y Army Ferreira, se reunieron con el presidente de la C\u00e1mara de Diputados, Alfredo Pacheco, a los fines de ofrecer su valoraci\u00f3n sobre al Proyecto de ley para la administraci\u00f3n de bienes incautados, decomisados y en extinci\u00f3n de dominio, al cual les hicieron algunas observaciones. El Ministerio [&hellip;]<\/p>\n","protected":false},"author":2,"featured_media":14526,"comment_status":"open","ping_status":"open","sticky":false,"template":"","format":"standard","meta":{"_bbp_topic_count":0,"_bbp_reply_count":0,"_bbp_total_topic_count":0,"_bbp_total_reply_count":0,"_bbp_voice_count":0,"_bbp_anonymous_reply_count":0,"_bbp_topic_count_hidden":0,"_bbp_reply_count_hidden":0,"_bbp_forum_subforum_count":0,"content-type":"","iawp_total_views":0,"footnotes":""},"categories":[105],"tags":[],"class_list":{"0":"post-14525","1":"post","2":"type-post","3":"status-publish","4":"format-standard","5":"has-post-thumbnail","7":"category-nacionales"},"_links":{"self":[{"href":"https:\/\/influencias.do\/index.php\/wp-json\/wp\/v2\/posts\/14525","targetHints":{"allow":["GET"]}}],"collection":[{"href":"https:\/\/influencias.do\/index.php\/wp-json\/wp\/v2\/posts"}],"about":[{"href":"https:\/\/influencias.do\/index.php\/wp-json\/wp\/v2\/types\/post"}],"author":[{"embeddable":true,"href":"https:\/\/influencias.do\/index.php\/wp-json\/wp\/v2\/users\/2"}],"replies":[{"embeddable":true,"href":"https:\/\/influencias.do\/index.php\/wp-json\/wp\/v2\/comments?post=14525"}],"version-history":[{"count":0,"href":"https:\/\/influencias.do\/index.php\/wp-json\/wp\/v2\/posts\/14525\/revisions"}],"wp:featuredmedia":[{"embeddable":true,"href":"https:\/\/influencias.do\/index.php\/wp-json\/"}],"wp:attachment":[{"href":"https:\/\/influencias.do\/index.php\/wp-json\/wp\/v2\/media?parent=14525"}],"wp:term":[{"taxonomy":"category","embeddable":true,"href":"https:\/\/influencias.do\/index.php\/wp-json\/wp\/v2\/categories?post=14525"},{"taxonomy":"post_tag","embeddable":true,"href":"https:\/\/influencias.do\/index.php\/wp-json\/wp\/v2\/tags?post=14525"}],"curies":[{"name":"wp","href":"https:\/\/api.w.org\/{rel}","templated":true}]}}