{"id":13316,"date":"2023-07-02T15:56:23","date_gmt":"2023-07-02T19:56:23","guid":{"rendered":"https:\/\/influencias.do\/?p=13316"},"modified":"2023-07-02T15:56:23","modified_gmt":"2023-07-02T19:56:23","slug":"frente-agropecuario-del-prm-realiza-jornada-de-reforestacion-en-el-establo-de-san-luis","status":"publish","type":"post","link":"https:\/\/influencias.do\/index.php\/2023\/07\/02\/frente-agropecuario-del-prm-realiza-jornada-de-reforestacion-en-el-establo-de-san-luis\/","title":{"rendered":"Frente Agropecuario del PRM realiza jornada de reforestaci\u00f3n en el Establo de San Luis"},"content":{"rendered":"\n<p>El Frente Agropecuario del Partido Revolucionario Moderno (PRM) realiz\u00f3  la \u201cJornada de reforestaci\u00f3n por un planeta verde\u201d en el Establo de San Luis, zona perteneciente a los Humedales del Ozama.<\/p>\n\n\n\n<p>La actividad, que se desarroll\u00f3 en apoyo al Plan Nacional de Reforestaci\u00f3n, estuvo encabezada por el ingeniero Eulalio Ram\u00edrez, presidente del Frente Agropecuario del PRM.<\/p>\n\n\n\n<p>En un \u00e1rea de 16 tareas, fueron sembradas 500 plantas de Cedro blanco, 100 de Penda y 300 de Roblillo.<\/p>\n\n\n\n<p>En su intervenci\u00f3n, Ram\u00edrez expres\u00f3 que esta jornada de reforestaci\u00f3n es oportuna porque al cambio clim\u00e1tico, \u201cque nos trae fen\u00f3menos naturales m\u00e1s intensos, es necesario que tambi\u00e9n le demos respuestas con medidas positivas\u201d.<\/p>\n\n\n\n<p>Asimismo, el dirigente agropecuario anunci\u00f3 que el primer s\u00e1bado de cada mes estar\u00e1n en una demarcaci\u00f3n geogr\u00e1fica del pa\u00eds apoyando el Plan Nacional de Reforestaci\u00f3n que lanz\u00f3 el presidente Luis Abinader, para sembrar 320 mil tareas para fortalecer todas las cuencas medias hidrogr\u00e1ficas, el sistema ambiental y la biodiversidad.<\/p>\n\n\n\n<p>En esta actividad participaron directivos y miembros del Frente Agropecuario del PRM, entre ellos Robinson Cuevas, secretario general; Benigno Encarnaci\u00f3n, secretario de Organizaci\u00f3n; Rafael Mej\u00eda, presidente de la Florida Central; Miriam Guzm\u00e1n, Juan Rosario, Gloria Fulcar Alc\u00e1ntara, Benito Felim\u00f3n Gonz\u00e1lez, entre otros.<\/p>\n","protected":false},"excerpt":{"rendered":"<p>El Frente Agropecuario del Partido Revolucionario Moderno (PRM) realiz\u00f3 la \u201cJornada de reforestaci\u00f3n por un planeta verde\u201d en el Establo de San Luis, zona perteneciente a los Humedales del Ozama. La actividad, que se desarroll\u00f3 en apoyo al Plan Nacional de Reforestaci\u00f3n, estuvo encabezada por el ingeniero Eulalio Ram\u00edrez, presidente del Frente Agropecuario del PRM. [&hellip;]<\/p>\n","protected":false},"author":2,"featured_media":13314,"comment_status":"open","ping_status":"open","sticky":false,"template":"","format":"standard","meta":{"_bbp_topic_count":0,"_bbp_reply_count":0,"_bbp_total_topic_count":0,"_bbp_total_reply_count":0,"_bbp_voice_count":0,"_bbp_anonymous_reply_count":0,"_bbp_topic_count_hidden":0,"_bbp_reply_count_hidden":0,"_bbp_forum_subforum_count":0,"content-type":"","iawp_total_views":0,"footnotes":""},"categories":[105],"tags":[],"class_list":{"0":"post-13316","1":"post","2":"type-post","3":"status-publish","4":"format-standard","5":"has-post-thumbnail","7":"category-nacionales"},"_links":{"self":[{"href":"https:\/\/influencias.do\/index.php\/wp-json\/wp\/v2\/posts\/13316","targetHints":{"allow":["GET"]}}],"collection":[{"href":"https:\/\/influencias.do\/index.php\/wp-json\/wp\/v2\/posts"}],"about":[{"href":"https:\/\/influencias.do\/index.php\/wp-json\/wp\/v2\/types\/post"}],"author":[{"embeddable":true,"href":"https:\/\/influencias.do\/index.php\/wp-json\/wp\/v2\/users\/2"}],"replies":[{"embeddable":true,"href":"https:\/\/influencias.do\/index.php\/wp-json\/wp\/v2\/comments?post=13316"}],"version-history":[{"count":0,"href":"https:\/\/influencias.do\/index.php\/wp-json\/wp\/v2\/posts\/13316\/revisions"}],"wp:featuredmedia":[{"embeddable":true,"href":"https:\/\/influencias.do\/index.php\/wp-json\/"}],"wp:attachment":[{"href":"https:\/\/influencias.do\/index.php\/wp-json\/wp\/v2\/media?parent=13316"}],"wp:term":[{"taxonomy":"category","embeddable":true,"href":"https:\/\/influencias.do\/index.php\/wp-json\/wp\/v2\/categories?post=13316"},{"taxonomy":"post_tag","embeddable":true,"href":"https:\/\/influencias.do\/index.php\/wp-json\/wp\/v2\/tags?post=13316"}],"curies":[{"name":"wp","href":"https:\/\/api.w.org\/{rel}","templated":true}]}}