{"id":13306,"date":"2023-07-02T15:49:40","date_gmt":"2023-07-02T19:49:40","guid":{"rendered":"https:\/\/influencias.do\/?p=13306"},"modified":"2023-07-02T15:49:40","modified_gmt":"2023-07-02T19:49:40","slug":"ministra-de-cultura-lamenta-fallecimiento-de-felix-gontier-un-referente-de-las-artes-visuales-dominicanas","status":"publish","type":"post","link":"https:\/\/influencias.do\/index.php\/2023\/07\/02\/ministra-de-cultura-lamenta-fallecimiento-de-felix-gontier-un-referente-de-las-artes-visuales-dominicanas\/","title":{"rendered":"Ministra de Cultura lamenta fallecimiento de F\u00e9lix Gontier, un referente de las artes visuales dominicanas"},"content":{"rendered":"\n<p>El maestro del grabado desarroll\u00f3 una actividad art\u00edstica que se prolong\u00f3 por m\u00e1s de seis d\u00e9cadas.<\/p>\n\n\n\n<p>Santo Domingo.- La ministra de Cultura, Milagros Germ\u00e1n, expres\u00f3 su pesar por el fallecimiento del destacado artista visual Luis Felipe F\u00e9lix Gontier, conocido popularmente como \u201cCoco\u201d, cuyo deceso se produjo este s\u00e1bado, a la edad de 82 a\u00f1os.<\/p>\n\n\n\n<p>Maestro de la serigraf\u00eda, F\u00e9lix Gontier desarroll\u00f3 una actividad art\u00edstica que se prolong\u00f3 durante m\u00e1s de seis d\u00e9cadas, en la que se convirti\u00f3 en un referente de las artes visuales. Fue co-fundador del Grupo Proyecta y de Serigraf\u00eda Art\u00edstica.<\/p>\n\n\n\n<p>La titular de la cartera cultural expres\u00f3 que, con la muerte de F\u00e9lix Gontier, se pierde no solo uno de los m\u00e1s importantes artistas del grabado de nuestro pa\u00eds, sino tambi\u00e9n un hombre inclinado por la defensa de los mejores intereses de la naci\u00f3n.<\/p>\n\n\n\n<p>Nacido en Burdeos, Francia, lugar en donde su abuelo, Narciso F\u00e9lix, fue c\u00f3nsul dominicano, F\u00e9lix Gontier estudi\u00f3 en la Escuela Nacional de Bellas Artes, donde fue merecedor del Primer Premio de Pintura en 1963.<\/p>\n\n\n\n<p>Luego viajar\u00eda a Espa\u00f1a para continuar su formaci\u00f3n en la Academia de San Fernando, Madrid, ciudad donde realiz\u00f3 su primera exposici\u00f3n individual, en el Instituto de Cultura Hisp\u00e1nica. Al a\u00f1o siguiente interrumpi\u00f3 su estad\u00eda en ese pa\u00eds para regresar a su patria a unirse al bando constitucionalista en la guerra de Abril de 1965.<\/p>\n\n\n\n<p>Luego de su reencuentro con Alfredo Cordero, artista y amigo de infancia, en 1967 decidieron fundar Serigraf\u00eda Art\u00edstica, un taller en el que trabajaron obras de Ram\u00f3n Oviedo, Ada Balc\u00e1cer, Tet\u00e9 Marella, Alberto Lestrand, Jorge Severino, C\u00e1ndido Bid\u00f3, Guillo P\u00e9rez, Alberto Ulloa, Dionisio Blanco o Iv\u00e1n Tovar.<\/p>\n\n\n\n<p>F\u00e9lix Gontier gan\u00f3 el Tercer Premio de Pintura del concurso E. Le\u00f3n Jimenes en 1966 y fue un miembro fundador del Grupo Proyecta. Entre otros lugares, sus obras se encuentran en colecciones privadas y en el Museo de Arte Moderno de Madrid.<\/p>\n\n\n\n<p>La cr\u00edtica ha defendido la obra de Coco, valorando su enfoque art\u00edstico, el cual evolucion\u00f3 a lo largo de los a\u00f1os, \u201cexplorando diversas t\u00e9cnicas y tem\u00e1ticas, pero siempre manteniendo su sello distintivo\u201d, como escribi\u00f3 su amigo Ra\u00fal P\u00e9rez Pe\u00f1a (\u201cBacho\u201d).<\/p>\n","protected":false},"excerpt":{"rendered":"<p>El maestro del grabado desarroll\u00f3 una actividad art\u00edstica que se prolong\u00f3 por m\u00e1s de seis d\u00e9cadas. Santo Domingo.- La ministra de Cultura, Milagros Germ\u00e1n, expres\u00f3 su pesar por el fallecimiento del destacado artista visual Luis Felipe F\u00e9lix Gontier, conocido popularmente como \u201cCoco\u201d, cuyo deceso se produjo este s\u00e1bado, a la edad de 82 a\u00f1os. Maestro [&hellip;]<\/p>\n","protected":false},"author":2,"featured_media":13304,"comment_status":"open","ping_status":"open","sticky":false,"template":"","format":"standard","meta":{"_bbp_topic_count":0,"_bbp_reply_count":0,"_bbp_total_topic_count":0,"_bbp_total_reply_count":0,"_bbp_voice_count":0,"_bbp_anonymous_reply_count":0,"_bbp_topic_count_hidden":0,"_bbp_reply_count_hidden":0,"_bbp_forum_subforum_count":0,"content-type":"","iawp_total_views":0,"footnotes":""},"categories":[125],"tags":[],"class_list":{"0":"post-13306","1":"post","2":"type-post","3":"status-publish","4":"format-standard","5":"has-post-thumbnail","7":"category-arte-y-espectaculos"},"_links":{"self":[{"href":"https:\/\/influencias.do\/index.php\/wp-json\/wp\/v2\/posts\/13306","targetHints":{"allow":["GET"]}}],"collection":[{"href":"https:\/\/influencias.do\/index.php\/wp-json\/wp\/v2\/posts"}],"about":[{"href":"https:\/\/influencias.do\/index.php\/wp-json\/wp\/v2\/types\/post"}],"author":[{"embeddable":true,"href":"https:\/\/influencias.do\/index.php\/wp-json\/wp\/v2\/users\/2"}],"replies":[{"embeddable":true,"href":"https:\/\/influencias.do\/index.php\/wp-json\/wp\/v2\/comments?post=13306"}],"version-history":[{"count":0,"href":"https:\/\/influencias.do\/index.php\/wp-json\/wp\/v2\/posts\/13306\/revisions"}],"wp:featuredmedia":[{"embeddable":true,"href":"https:\/\/influencias.do\/index.php\/wp-json\/"}],"wp:attachment":[{"href":"https:\/\/influencias.do\/index.php\/wp-json\/wp\/v2\/media?parent=13306"}],"wp:term":[{"taxonomy":"category","embeddable":true,"href":"https:\/\/influencias.do\/index.php\/wp-json\/wp\/v2\/categories?post=13306"},{"taxonomy":"post_tag","embeddable":true,"href":"https:\/\/influencias.do\/index.php\/wp-json\/wp\/v2\/tags?post=13306"}],"curies":[{"name":"wp","href":"https:\/\/api.w.org\/{rel}","templated":true}]}}