{"id":11874,"date":"2023-06-13T09:13:39","date_gmt":"2023-06-13T13:13:39","guid":{"rendered":"https:\/\/influencias.do\/?p=11874"},"modified":"2023-06-13T09:13:39","modified_gmt":"2023-06-13T13:13:39","slug":"conflicto-entre-estudiantes-viral-redes-sociales-ocurrio-en-miches-y-no-en-veron","status":"publish","type":"post","link":"https:\/\/influencias.do\/index.php\/2023\/06\/13\/conflicto-entre-estudiantes-viral-redes-sociales-ocurrio-en-miches-y-no-en-veron\/","title":{"rendered":"Conflicto entre estudiantes viral redes sociales ocurri\u00f3 en Miches y no en Ver\u00f3n"},"content":{"rendered":"\n<p>La Polic\u00eda Nacional inform\u00f3 que fue en las afueras de un centro educativo de la comunidad La Gina, Miches, El Seibo, y no en Ver\u00f3n, La Altagracia, donde se registr\u00f3 el pasado 5 de junio un conflicto social en que result\u00f3 con laceraciones un estudiante de 18 a\u00f1os, incidente que fue captado en video y difundido en redes sociales, grupos de WhataApp y medios de comunicaci\u00f3n.<br>&nbsp;<br>El joven agredido, cuya identidad se hace reserva, pertenece a un centro de estudio del&nbsp;Distrito Educativo 12-04 de Miches, y ya personal policial se aperson\u00f3 a la vivienda donde reside junto a sus padres, para que presenten formal denuncia contra el agresor, el cual ha sido identificado.<br>&nbsp;<br>La v\u00edctima dice desconocer los motivos por los cuales fue agredido por el ahora pr\u00f3fugo identificado como \u201cEstiben\u201d, a quien se le exhorta entregarse por ante las autoridades judiciales correspondientes.<\/p>\n\n\n\n<p>Se precisa, adem\u00e1s, que familiares del joven atacado a la fecha no hab\u00edan presentado la denuncia ante las autoridades.<\/p>\n","protected":false},"excerpt":{"rendered":"<p>La Polic\u00eda Nacional inform\u00f3 que fue en las afueras de un centro educativo de la comunidad La Gina, Miches, El Seibo, y no en Ver\u00f3n, La Altagracia, donde se registr\u00f3 el pasado 5 de junio un conflicto social en que result\u00f3 con laceraciones un estudiante de 18 a\u00f1os, incidente que fue captado en video y [&hellip;]<\/p>\n","protected":false},"author":2,"featured_media":11876,"comment_status":"open","ping_status":"open","sticky":false,"template":"","format":"standard","meta":{"_bbp_topic_count":0,"_bbp_reply_count":0,"_bbp_total_topic_count":0,"_bbp_total_reply_count":0,"_bbp_voice_count":0,"_bbp_anonymous_reply_count":0,"_bbp_topic_count_hidden":0,"_bbp_reply_count_hidden":0,"_bbp_forum_subforum_count":0,"content-type":"","iawp_total_views":0,"footnotes":""},"categories":[105],"tags":[],"class_list":{"0":"post-11874","1":"post","2":"type-post","3":"status-publish","4":"format-standard","5":"has-post-thumbnail","7":"category-nacionales"},"_links":{"self":[{"href":"https:\/\/influencias.do\/index.php\/wp-json\/wp\/v2\/posts\/11874","targetHints":{"allow":["GET"]}}],"collection":[{"href":"https:\/\/influencias.do\/index.php\/wp-json\/wp\/v2\/posts"}],"about":[{"href":"https:\/\/influencias.do\/index.php\/wp-json\/wp\/v2\/types\/post"}],"author":[{"embeddable":true,"href":"https:\/\/influencias.do\/index.php\/wp-json\/wp\/v2\/users\/2"}],"replies":[{"embeddable":true,"href":"https:\/\/influencias.do\/index.php\/wp-json\/wp\/v2\/comments?post=11874"}],"version-history":[{"count":0,"href":"https:\/\/influencias.do\/index.php\/wp-json\/wp\/v2\/posts\/11874\/revisions"}],"wp:featuredmedia":[{"embeddable":true,"href":"https:\/\/influencias.do\/index.php\/wp-json\/"}],"wp:attachment":[{"href":"https:\/\/influencias.do\/index.php\/wp-json\/wp\/v2\/media?parent=11874"}],"wp:term":[{"taxonomy":"category","embeddable":true,"href":"https:\/\/influencias.do\/index.php\/wp-json\/wp\/v2\/categories?post=11874"},{"taxonomy":"post_tag","embeddable":true,"href":"https:\/\/influencias.do\/index.php\/wp-json\/wp\/v2\/tags?post=11874"}],"curies":[{"name":"wp","href":"https:\/\/api.w.org\/{rel}","templated":true}]}}