{"id":10841,"date":"2023-05-25T20:57:04","date_gmt":"2023-05-26T00:57:04","guid":{"rendered":"https:\/\/influencias.do\/?p=10841"},"modified":"2023-05-25T20:57:04","modified_gmt":"2023-05-26T00:57:04","slug":"gobierno-inicia-proceso-de-titulacion-de-casas-y-solares-en-esperanza-valverde","status":"publish","type":"post","link":"https:\/\/influencias.do\/index.php\/2023\/05\/25\/gobierno-inicia-proceso-de-titulacion-de-casas-y-solares-en-esperanza-valverde\/","title":{"rendered":"Gobierno inicia proceso de titulaci\u00f3n de casas y solares en Esperanza, Valverde"},"content":{"rendered":"\n<p>El Gobierno a trav\u00e9s de la Unidad T\u00e9cnica Ejecutora de Titulaci\u00f3n de Terrenos del Estado (UTECT), el Instituto Agrario Dominicano (IAD) y el Consejo Estatal del Az\u00facar (CEA), conjuntamente con la Gobernaci\u00f3n de la provincia y la Alcald\u00eda municipal, dej\u00f3 iniciada la primera etapa de los trabajos t\u00e9cnicos, legales y sociales en el municipio de Esperanza, provincia Valverde.<\/p>\n\n\n\n<p>El subdirector Regional Norte, Santiago Caba, en representaci\u00f3n del director ejecutivo interino de la UTECT, Duarte M\u00e9ndez, indic\u00f3 que con estos trabajos se proyecta entregar 1,500 certificados de t\u00edtulos, beneficiando a 6,000 personas ocupantes de solares y viviendas.<\/p>\n\n\n\n<p>\u201cCon la titulaci\u00f3n, estos terrenos triplicaran su valor y nadie los podr\u00e1 sacar de lo que por mucho tiempo ustedes ocupan\u201d, puntualiz\u00f3 Caba durante su intervenci\u00f3n.<\/p>\n\n\n\n<p>Precis\u00f3 que este proyecto de titulaci\u00f3n se desarrollar\u00e1 en las parcelas 60, 66-A, 66-B, 66-C y 67 del Distrito Catastral No. 04, beneficiando a los residentes de los sectores El Ed\u00e9n, Para\u00edso, Villa Progreso, San Miguel, Los Girasoles, Luz y Vida y La Fe.<\/p>\n\n\n\n<p>\u201cEsto es un proyecto que se realiza como manda la ley y que el presidente se est\u00e1 comprometiendo a que los m\u00e1s necesitados obtengan su certificado de t\u00edtulo de manera gratuita\u201d, expres\u00f3 el funcionario.<\/p>\n\n\n\n<p>Agreg\u00f3: \u201cEl presidente Luis Abinader ha demostrado en poco tiempo que el Plan Nacional de Titulaci\u00f3n es uno de los ejes centrales de su gesti\u00f3n de gobierno y ha manifestado en varias oportunidades que los actos que m\u00e1s le agradan son los de entrega de certificados de t\u00edtulos, y es por lo que les digo que con el favor de Dios estaremos aqu\u00ed antes de finalizar el a\u00f1o con nuestro presidente, entreg\u00e1ndoles sus t\u00edtulos de propiedad\u201d.<\/p>\n\n\n\n<p>Mientras, que la gobernadora provincial de Valverde, Deysi Aquino, agradeci\u00f3 al presidente de la Rep\u00fablica, Luis Abinader, por hacer realidad la titulaci\u00f3n definitiva de las familias que ocupan esos terrenos desde hace d\u00e9cadas.<\/p>\n\n\n\n<p>\u201cDando inicio formal a este proceso que conllevar\u00e1 a que cada familia que tiene su humilde hogar cimentado en un terreno desprovisto del correspondiente certificado de t\u00edtulo, especialmente aquellos terrenos que eran de producci\u00f3n ca\u00f1era, pronto se vean provisto de ese documento\u201d, sostuvo la representante del Poder Ejecutivo.<\/p>\n\n\n\n<p>En tanto, Jos\u00e9 Cede\u00f1o, subdirector administrativo y financiero del Instituto Agrario Dominicano, en representaci\u00f3n de Francisco Guillermo Gracia, director del IAD, expres\u00f3 que las familias beneficiarias del proyecto podr\u00e1n elevar su calidad de vida, al dejar la condici\u00f3n de simples ocupantes a la posesi\u00f3n de los t\u00edtulos que les dan estabilidad y los convierten en leg\u00edtimos propietarios.<\/p>\n\n\n\n<p>En el acto de lanzamiento del proyecto que estuvo encabezado por el subdirector de la regional norte, Santiago Caba, en representaci\u00f3n del director ejecutivo interino, Duarte M\u00e9ndez, participaron Ediberto Nolasco (Eddy), senador de la provincia Valverde; Freddy Rodr\u00edguez, alcalde municipal de Esperanza; Martha Collado, diputada.<\/p>\n\n\n\n<p>Asimismo, estuvieron presentes el alcalde del municipio de Mao, Odalis Rodr\u00edguez; Vladimir Castillo, director de las oficinas provinciales de Bienes Nacionales-CEA; Isidro Ram\u00edrez, encargado de titulaci\u00f3n del Instituto Agrario Dominicano; Antonio Nicol\u00e1s Gonz\u00e1lez, encargado regional del IAD y Ediberto Jim\u00e9nez, encargado provincial del IAD, lideres comunitarios y representantes de organizaciones sociales de la demarcaci\u00f3n.<\/p>\n","protected":false},"excerpt":{"rendered":"<p>El Gobierno a trav\u00e9s de la Unidad T\u00e9cnica Ejecutora de Titulaci\u00f3n de Terrenos del Estado (UTECT), el Instituto Agrario Dominicano (IAD) y el Consejo Estatal del Az\u00facar (CEA), conjuntamente con la Gobernaci\u00f3n de la provincia y la Alcald\u00eda municipal, dej\u00f3 iniciada la primera etapa de los trabajos t\u00e9cnicos, legales y sociales en el municipio de [&hellip;]<\/p>\n","protected":false},"author":2,"featured_media":10843,"comment_status":"open","ping_status":"open","sticky":false,"template":"","format":"standard","meta":{"_bbp_topic_count":0,"_bbp_reply_count":0,"_bbp_total_topic_count":0,"_bbp_total_reply_count":0,"_bbp_voice_count":0,"_bbp_anonymous_reply_count":0,"_bbp_topic_count_hidden":0,"_bbp_reply_count_hidden":0,"_bbp_forum_subforum_count":0,"content-type":"","iawp_total_views":0,"footnotes":""},"categories":[105],"tags":[],"class_list":{"0":"post-10841","1":"post","2":"type-post","3":"status-publish","4":"format-standard","5":"has-post-thumbnail","7":"category-nacionales"},"_links":{"self":[{"href":"https:\/\/influencias.do\/index.php\/wp-json\/wp\/v2\/posts\/10841","targetHints":{"allow":["GET"]}}],"collection":[{"href":"https:\/\/influencias.do\/index.php\/wp-json\/wp\/v2\/posts"}],"about":[{"href":"https:\/\/influencias.do\/index.php\/wp-json\/wp\/v2\/types\/post"}],"author":[{"embeddable":true,"href":"https:\/\/influencias.do\/index.php\/wp-json\/wp\/v2\/users\/2"}],"replies":[{"embeddable":true,"href":"https:\/\/influencias.do\/index.php\/wp-json\/wp\/v2\/comments?post=10841"}],"version-history":[{"count":0,"href":"https:\/\/influencias.do\/index.php\/wp-json\/wp\/v2\/posts\/10841\/revisions"}],"wp:featuredmedia":[{"embeddable":true,"href":"https:\/\/influencias.do\/index.php\/wp-json\/"}],"wp:attachment":[{"href":"https:\/\/influencias.do\/index.php\/wp-json\/wp\/v2\/media?parent=10841"}],"wp:term":[{"taxonomy":"category","embeddable":true,"href":"https:\/\/influencias.do\/index.php\/wp-json\/wp\/v2\/categories?post=10841"},{"taxonomy":"post_tag","embeddable":true,"href":"https:\/\/influencias.do\/index.php\/wp-json\/wp\/v2\/tags?post=10841"}],"curies":[{"name":"wp","href":"https:\/\/api.w.org\/{rel}","templated":true}]}}