{"id":10838,"date":"2023-05-25T20:31:55","date_gmt":"2023-05-26T00:31:55","guid":{"rendered":"https:\/\/influencias.do\/?p=10838"},"modified":"2023-05-25T20:31:55","modified_gmt":"2023-05-26T00:31:55","slug":"danilo-explica-que-por-salud-y-prescripcion-medica-no-sera-coordinador-de-campana-del-pld","status":"publish","type":"post","link":"https:\/\/influencias.do\/index.php\/2023\/05\/25\/danilo-explica-que-por-salud-y-prescripcion-medica-no-sera-coordinador-de-campana-del-pld\/","title":{"rendered":"Danilo explica que por salud y prescripci\u00f3n m\u00e9dica no ser\u00e1 coordinador de campa\u00f1a del PLD"},"content":{"rendered":"\n<p>El expresidente Danilo Medina hace la aclaraci\u00f3n de que no ser\u00e1 el coordinador de la campa\u00f1a del PLD, aunque colaborar\u00e1 y estar\u00e1 al lado del candidato Abel Mart\u00ednez.&nbsp;&nbsp;<\/p>\n\n\n\n<p>El exmandatario y presidente del Partido de la Liberaci\u00f3n Dominicana (PLD),&nbsp;&nbsp;aclar\u00f3 a prima noche de este jueves que,&nbsp;&nbsp;por prescripci\u00f3n m\u00e9dica&nbsp;&nbsp;y por su salud, no ser\u00e1 el coordinador de la campa\u00f1a de su Partido, aunque garantiz\u00f3 que estar\u00e1&nbsp;&nbsp;en el Comit\u00e9 Nacional de Campa\u00f1a colaborando en lo que est\u00e9 a su alcance.<\/p>\n\n\n\n<p>Mediante despacho de su&nbsp;&nbsp;Secretar\u00eda de Comunicaciones,&nbsp;&nbsp;&nbsp;el Presidente del PLD hizo la aclaraci\u00f3n ante las publicaciones period\u00edsticas que afirman que asumir\u00eda el rol de coordinaci\u00f3n nacional&nbsp;&nbsp;de campa\u00f1a en el PLD.<\/p>\n\n\n\n<p>\u201cEstar\u00e9 en la estructura de la campa\u00f1a, colaborando en todo lo que est\u00e9 a mi alcance, pero por razones de salud y prescripci\u00f3n m\u00e9dica, no estamos en condiciones de asumir el rol de coordinaci\u00f3n de las actividades de campa\u00f1a\u201d,&nbsp; aclar\u00f3 Danilo Medina.&nbsp;&nbsp;<\/p>\n\n\n\n<p>El presidente del PLD respondi\u00f3 la tarde del mi\u00e9rcoles en Santiago las inquietudes de los periodistas sobre su salud informando que est\u00e1 mejorando su condici\u00f3n , luego de que le fuera detectado un c\u00e1ncer de pr\u00f3stata.<\/p>\n\n\n\n<p>Revel\u00f3 que continuar\u00e1 con el tratamiento recomendado por sus m\u00e9dicos para combatir el c\u00e1ncer que le diagnosticaron.&nbsp;&nbsp;\u201cEstoy mejorando bastante. Yo dir\u00eda que estoy bien; pero no estoy bien. Estoy mejorando bastante\u201d, dijo el ex mandatario.<\/p>\n\n\n\n<p>Las publicaciones de que asumir\u00eda la direcci\u00f3n del Comit\u00e9 Nacional de Campa\u00f1a y los comentarios de dirigentes del PLD sobre el particular fueron desmentidos por Danilo Medina, aunque si reafirm\u00f3 que estar\u00e1&nbsp;&nbsp;en el equipo de coordinaci\u00f3n de la campa\u00f1a haciendo los aportes que las circunstancias les permitan.<\/p>\n","protected":false},"excerpt":{"rendered":"<p>El expresidente Danilo Medina hace la aclaraci\u00f3n de que no ser\u00e1 el coordinador de la campa\u00f1a del PLD, aunque colaborar\u00e1 y estar\u00e1 al lado del candidato Abel Mart\u00ednez.&nbsp;&nbsp; El exmandatario y presidente del Partido de la Liberaci\u00f3n Dominicana (PLD),&nbsp;&nbsp;aclar\u00f3 a prima noche de este jueves que,&nbsp;&nbsp;por prescripci\u00f3n m\u00e9dica&nbsp;&nbsp;y por su salud, no ser\u00e1 el coordinador [&hellip;]<\/p>\n","protected":false},"author":2,"featured_media":10839,"comment_status":"open","ping_status":"open","sticky":false,"template":"","format":"standard","meta":{"_bbp_topic_count":0,"_bbp_reply_count":0,"_bbp_total_topic_count":0,"_bbp_total_reply_count":0,"_bbp_voice_count":0,"_bbp_anonymous_reply_count":0,"_bbp_topic_count_hidden":0,"_bbp_reply_count_hidden":0,"_bbp_forum_subforum_count":0,"content-type":"","iawp_total_views":0,"footnotes":""},"categories":[106],"tags":[],"class_list":{"0":"post-10838","1":"post","2":"type-post","3":"status-publish","4":"format-standard","5":"has-post-thumbnail","7":"category-politica"},"_links":{"self":[{"href":"https:\/\/influencias.do\/index.php\/wp-json\/wp\/v2\/posts\/10838","targetHints":{"allow":["GET"]}}],"collection":[{"href":"https:\/\/influencias.do\/index.php\/wp-json\/wp\/v2\/posts"}],"about":[{"href":"https:\/\/influencias.do\/index.php\/wp-json\/wp\/v2\/types\/post"}],"author":[{"embeddable":true,"href":"https:\/\/influencias.do\/index.php\/wp-json\/wp\/v2\/users\/2"}],"replies":[{"embeddable":true,"href":"https:\/\/influencias.do\/index.php\/wp-json\/wp\/v2\/comments?post=10838"}],"version-history":[{"count":0,"href":"https:\/\/influencias.do\/index.php\/wp-json\/wp\/v2\/posts\/10838\/revisions"}],"wp:featuredmedia":[{"embeddable":true,"href":"https:\/\/influencias.do\/index.php\/wp-json\/"}],"wp:attachment":[{"href":"https:\/\/influencias.do\/index.php\/wp-json\/wp\/v2\/media?parent=10838"}],"wp:term":[{"taxonomy":"category","embeddable":true,"href":"https:\/\/influencias.do\/index.php\/wp-json\/wp\/v2\/categories?post=10838"},{"taxonomy":"post_tag","embeddable":true,"href":"https:\/\/influencias.do\/index.php\/wp-json\/wp\/v2\/tags?post=10838"}],"curies":[{"name":"wp","href":"https:\/\/api.w.org\/{rel}","templated":true}]}}