{"id":10834,"date":"2023-05-25T20:18:14","date_gmt":"2023-05-26T00:18:14","guid":{"rendered":"https:\/\/influencias.do\/?p=10834"},"modified":"2023-05-25T20:18:14","modified_gmt":"2023-05-26T00:18:14","slug":"abel-lamenta-renuncia-de-francisco-javier-garcia","status":"publish","type":"post","link":"https:\/\/influencias.do\/index.php\/2023\/05\/25\/abel-lamenta-renuncia-de-francisco-javier-garcia\/","title":{"rendered":"Abel lamenta renuncia de Francisco Javier Garc\u00eda"},"content":{"rendered":"\n<p><p style=\"box-sizing: inherit; margin-right: 0px; margin-bottom: 25px; margin-left: 0px; padding: 0px; border: 0px; font-variant-numeric: inherit; font-variant-east-asian: inherit; font-variant-alternates: inherit; font-stretch: inherit; font-size: 15px; line-height: inherit; font-family: &quot;Open Sans&quot;; font-optical-sizing: inherit; font-kerning: inherit; font-feature-settings: inherit; font-variation-settings: inherit; vertical-align: baseline; color: rgb(51, 51, 51); white-space: normal;\">El candidato presidencial del Partido de la Liberaci\u00f3n Dominicana (PLD) Abel Mart\u00ednez, lament\u00f3 la decisi\u00f3n tomada por el miembro del Comit\u00e9 Pol\u00edtico, Francisco Javier Garc\u00eda, quien hasta hoy fungi\u00f3 como coordinador nacional de su campa\u00f1aA trav\u00e9s de un comunicado de prensa, Mart\u00ednez destac\u00f3 los dotes excepcionales que posee Francisco Javier Garc\u00eda, \u201ccomo dirigente, como organizador y es, sin lugar a dudas, un estratega de vasta experiencia en procesos electorales. Estamos agradecidos del trabajo realizado al frente de nuestra campa\u00f1a presidencial\u201d.\u201cIndependientemente de su decisi\u00f3n, es una persona que goza de nuestra m\u00e1s alta valoraci\u00f3n y estima. Sabemos que continuar\u00e1 aportando a la campa\u00f1a tal cual expres\u00f3 y es de gran valor para nosotros que siga siendo parte de los \u00e9xitos que siempre han acompa\u00f1ado al Partido de la Liberaci\u00f3n Dominicana, conscientes de que, en esta oportunidad, no ser\u00e1 la excepci\u00f3n\u201d.Abel Mart\u00ednez asegur\u00f3 que, junto a la direcci\u00f3n del PLD, encabezada por el presidente de esa organizaci\u00f3n pol\u00edtica, Danilo Medina, de la cual Garc\u00eda es parte, se est\u00e1 trabajando para el relanzamiento del proyecto de naci\u00f3n generador de esperanza y bienestar que necesita el pa\u00eds.<\/p><span style=\"color: rgb(51, 51, 51); font-family: &quot;Open Sans&quot;; font-size: 15px; white-space: normal; background-color: var(--wp--custom--color--background);\">De modo extraoficial se dio a conocer la posici\u00f3n de Francisco Javier Garc\u00eda que motiv\u00f3 a Abel Mart\u00ednez, terminada la pausa por la muerte de su se\u00f1ora madre,\u00a0 informar que\u00a0\u00a0contin\u00faa el trabajo\u00a0\u00a0para el relanzamiento de la propuesta que ha generado gran esperanza en el pueblo dominicano<\/span>,<\/p>\n","protected":false},"excerpt":{"rendered":"<p>El candidato presidencial del Partido de la Liberaci\u00f3n Dominicana (PLD) Abel Mart\u00ednez, lament\u00f3 la decisi\u00f3n tomada por el miembro del Comit\u00e9 Pol\u00edtico, Francisco Javier Garc\u00eda, quien hasta hoy fungi\u00f3 como coordinador nacional de su campa\u00f1aA trav\u00e9s de un comunicado de prensa, Mart\u00ednez destac\u00f3 los dotes excepcionales que posee Francisco Javier Garc\u00eda, \u201ccomo dirigente, como organizador [&hellip;]<\/p>\n","protected":false},"author":4,"featured_media":10836,"comment_status":"open","ping_status":"open","sticky":false,"template":"","format":"standard","meta":{"_bbp_topic_count":0,"_bbp_reply_count":0,"_bbp_total_topic_count":0,"_bbp_total_reply_count":0,"_bbp_voice_count":0,"_bbp_anonymous_reply_count":0,"_bbp_topic_count_hidden":0,"_bbp_reply_count_hidden":0,"_bbp_forum_subforum_count":0,"content-type":"","iawp_total_views":0,"footnotes":""},"categories":[106],"tags":[],"class_list":{"0":"post-10834","1":"post","2":"type-post","3":"status-publish","4":"format-standard","5":"has-post-thumbnail","7":"category-politica"},"_links":{"self":[{"href":"https:\/\/influencias.do\/index.php\/wp-json\/wp\/v2\/posts\/10834","targetHints":{"allow":["GET"]}}],"collection":[{"href":"https:\/\/influencias.do\/index.php\/wp-json\/wp\/v2\/posts"}],"about":[{"href":"https:\/\/influencias.do\/index.php\/wp-json\/wp\/v2\/types\/post"}],"author":[{"embeddable":true,"href":"https:\/\/influencias.do\/index.php\/wp-json\/wp\/v2\/users\/4"}],"replies":[{"embeddable":true,"href":"https:\/\/influencias.do\/index.php\/wp-json\/wp\/v2\/comments?post=10834"}],"version-history":[{"count":0,"href":"https:\/\/influencias.do\/index.php\/wp-json\/wp\/v2\/posts\/10834\/revisions"}],"wp:featuredmedia":[{"embeddable":true,"href":"https:\/\/influencias.do\/index.php\/wp-json\/"}],"wp:attachment":[{"href":"https:\/\/influencias.do\/index.php\/wp-json\/wp\/v2\/media?parent=10834"}],"wp:term":[{"taxonomy":"category","embeddable":true,"href":"https:\/\/influencias.do\/index.php\/wp-json\/wp\/v2\/categories?post=10834"},{"taxonomy":"post_tag","embeddable":true,"href":"https:\/\/influencias.do\/index.php\/wp-json\/wp\/v2\/tags?post=10834"}],"curies":[{"name":"wp","href":"https:\/\/api.w.org\/{rel}","templated":true}]}}